{"id":172898,"date":"2020-11-12T15:34:46","date_gmt":"2020-11-12T18:34:46","guid":{"rendered":"https:\/\/diarioregionaldigital.com.br\/?p=172898"},"modified":"2020-11-12T15:34:46","modified_gmt":"2020-11-12T18:34:46","slug":"joao-doria-anuncia-acordo-com-a-f1-e-interlagos-fica-no-calendario-ate-2025","status":"publish","type":"post","link":"https:\/\/diarioregionaldigital.com.br\/?p=172898","title":{"rendered":"Jo\u00e3o D\u00f3ria anuncia acordo com a F1 e Interlagos fica no calend\u00e1rio at\u00e9 2025"},"content":{"rendered":"<p><span style=\"font-weight: 400;\">Ap\u00f3s ser inclu\u00eddo de forma provis\u00f3ria, no calend\u00e1rio de 2021, o Aut\u00f3dromo de Interlagos em S\u00e3o Paulo, teve seu contrato renovado com a F1, at\u00e9 o ano de 2025. O an\u00fancio foi feito nesta quinta-feira (12), pelo governador Jo\u00e3o D\u00f3ria. Entretanto haver\u00e1 uma mudan\u00e7a no nome, a etapa passar\u00e1 a ser chamada de GP de S\u00e3o Paulo e n\u00e3o GP do Brasil. Como havia sido anunciado pela categoria, na ter\u00e7a-feira (10), a prova ser\u00e1 realizada no dia 14 de novembro do pr\u00f3ximo ano.<\/span><\/p>\n<p><span style=\"font-weight: 400;\">Mesmo ter anunciado a extens\u00e3o do v\u00ednculo, D\u00f3ria diz que o contrato ainda precisa ser assinado, junto com a Liberty Media, empresa que det\u00e9m os direitos da categoria m\u00e1xima do automobilismo mundial, bem como pelo prefeito Bruno Covas:<\/span><\/p>\n<p><span style=\"font-weight: 400;\">\u201cEu tenho o orgulho de revelar, com o Bruno Covas, que estar\u00e1 aqui conosco em alguns minutos, que a F\u00f3rmula 1 acaba de renovar o seu contrato para a realiza\u00e7\u00e3o do Grande Pr\u00eamio do Brasil de F\u00f3rmula 1 at\u00e9 2025. O aut\u00f3dromo de Interlagos foi confirmado como sede do GP do Brasil nos pr\u00f3ximos cinco anos. O contrato ser\u00e1 assinado entre o prefeito e a Liberty, detentora dos direitos da categoria. \u00c9 uma grande vit\u00f3ria para o estado de SP, para a cidade e para o Brasil\u201d.<\/span><\/p>\n<p><span style=\"font-weight: 400;\">O v\u00ednculo da capital paulista, junto \u00e0 F1, terminaria neste ano de 2020. Por\u00e9m a etapa brasileira teve de ser cancelada, por conta do cen\u00e1rio do Covid-19 e o pa\u00eds ficou de fora do calend\u00e1rio pela primeira vez, desde 1973.<\/span><\/p>\n<p><b>Transfer\u00eancia da etapa para o Rio de Janeiro<\/b><\/p>\n<p><span style=\"font-weight: 400;\">Houve a possibilidade do GP ser realizado no Rio de Janeiro, por\u00e9m as obras de novo aut\u00f3dromo, que est\u00e1 projetado para ser constru\u00eddo no Bairro Deodoro, ainda n\u00e3o foram iniciadas. O terreno foi cedido pelo Ex\u00e9rcito, por\u00e9m a falta da licen\u00e7a ambiental, impede do evento de ir \u00e0 capital fluminense.<\/span><\/p>\n<p><span style=\"font-weight: 400;\">Nos bastidores, a prefeitura de S\u00e3o Paulo chegou a oferecer um valor inferior, ao proposto pelo Rio de Janeiro, na tentativa de renovar seu contrato com a categoria. Inclusive, a Liberty Media chegou a avan\u00e7ar nas conversas com a cidade fluminense, mas a impossibilidade de se construir um aut\u00f3dromo a tempo da corrida de 2021 devido \u00e0 demora na emiss\u00e3o da licen\u00e7a ambiental, fez a F1 retomar as conversas com S\u00e3o Paulo.<\/span><\/p>\n","protected":false},"excerpt":{"rendered":"<p>Ap\u00f3s ser inclu\u00eddo de forma provis\u00f3ria, no calend\u00e1rio de 2021, o Aut\u00f3dromo de Interlagos em S\u00e3o Paulo, teve seu contrato renovado com a F1, at\u00e9 o ano de 2025. O an\u00fancio foi feito nesta quinta-feira (12), pelo governador Jo\u00e3o D\u00f3ria. Entretanto haver\u00e1 uma mudan\u00e7a no nome, a etapa passar\u00e1 a ser chamada de GP de [&hellip;]<\/p>\n","protected":false},"author":96,"featured_media":172899,"comment_status":"closed","ping_status":"closed","sticky":false,"template":"","format":"standard","meta":{"footnotes":""},"categories":[436,257,439],"tags":[],"class_list":["post-172898","post","type-post","status-publish","format-standard","has-post-thumbnail","hentry","category-destaque-da-semana","category-esporte","category-ultima-hora"],"_links":{"self":[{"href":"https:\/\/diarioregionaldigital.com.br\/index.php?rest_route=\/wp\/v2\/posts\/172898","targetHints":{"allow":["GET"]}}],"collection":[{"href":"https:\/\/diarioregionaldigital.com.br\/index.php?rest_route=\/wp\/v2\/posts"}],"about":[{"href":"https:\/\/diarioregionaldigital.com.br\/index.php?rest_route=\/wp\/v2\/types\/post"}],"author":[{"embeddable":true,"href":"https:\/\/diarioregionaldigital.com.br\/index.php?rest_route=\/wp\/v2\/users\/96"}],"replies":[{"embeddable":true,"href":"https:\/\/diarioregionaldigital.com.br\/index.php?rest_route=%2Fwp%2Fv2%2Fcomments&post=172898"}],"version-history":[{"count":0,"href":"https:\/\/diarioregionaldigital.com.br\/index.php?rest_route=\/wp\/v2\/posts\/172898\/revisions"}],"wp:featuredmedia":[{"embeddable":true,"href":"https:\/\/diarioregionaldigital.com.br\/index.php?rest_route=\/wp\/v2\/media\/172899"}],"wp:attachment":[{"href":"https:\/\/diarioregionaldigital.com.br\/index.php?rest_route=%2Fwp%2Fv2%2Fmedia&parent=172898"}],"wp:term":[{"taxonomy":"category","embeddable":true,"href":"https:\/\/diarioregionaldigital.com.br\/index.php?rest_route=%2Fwp%2Fv2%2Fcategories&post=172898"},{"taxonomy":"post_tag","embeddable":true,"href":"https:\/\/diarioregionaldigital.com.br\/index.php?rest_route=%2Fwp%2Fv2%2Ftags&post=172898"}],"curies":[{"name":"wp","href":"https:\/\/api.w.org\/{rel}","templated":true}]}}