{"id":172894,"date":"2020-11-12T15:13:27","date_gmt":"2020-11-12T18:13:27","guid":{"rendered":"https:\/\/diarioregionaldigital.com.br\/?p=172894"},"modified":"2020-11-12T15:13:27","modified_gmt":"2020-11-12T18:13:27","slug":"selecao-brasileira-faz-ultimo-treino-antes-de-viajar-para-sao-paulo","status":"publish","type":"post","link":"https:\/\/diarioregionaldigital.com.br\/?p=172894","title":{"rendered":"Sele\u00e7\u00e3o Brasileira faz \u00faltimo treino, antes de viajar para S\u00e3o Paulo"},"content":{"rendered":"<p><span style=\"font-weight: 400;\">Na manh\u00e3 desta quinta-feira (12), a Sele\u00e7\u00e3o Brasileira realizou seu \u00faltimo treino, antes de viajar para S\u00e3o Paulo, onde enfrentar\u00e1 a Venezuela nesta sexta-feira (13), pela terceira rodada das Eliminat\u00f3rias da Copa do Mundo Catar 2022. O t\u00e9cnico Tite voltou a trabalhar conceitos t\u00e1ticos com o time, dessa vez em campo reduzido.<\/span><\/p>\n<p><span style=\"font-weight: 400;\">Foram feitos dois treinos coletivos, sendo que no primeiro, os jogadores de linha do elenco foram divididos em dois para a realiza\u00e7\u00e3o de um jogo de dez contra dez em campo reduzido. A atividade n\u00e3o teve participa\u00e7\u00e3o dos goleiros e utilizando balizas curtas, o objetivo de cada time era levar a bola at\u00e9 o outro lado para pontuar. O objetivo do trabalho \u00e9 coordenar os movimentos defensivos da equipe, em marca\u00e7\u00e3o alta, bem como treinar a sa\u00edda de bola contra press\u00e3o, quebrando linhas e avan\u00e7ando no campo.<\/span><\/p>\n<p><span style=\"font-weight: 400;\">Tite dividiu os jogadores em duas equipes, sendo que o time amarelo contou com Gabriel Menino, Marquinhos, Diego Carlos e Renan Lodi; Bruno Guimar\u00e3es, Douglas Luiz, Everton Ribeiro, Richarlison, Roberto Firmino e Vin\u00edcius J\u00fanior. J\u00e1 o time azul era formado por: Danilo, Thiago Silva, Felipe, Alex Telles, Allan, Arthur, Lucas Paquet\u00e1, Everton, Pedro e Gabriel Jesus.<\/span><\/p>\n<p><span style=\"font-weight: 400;\">Ap\u00f3s os coletivos, o treinador fez o chamado \u201ctreino invis\u00edvel\u201d. Em dois campos diferentes, os jogadores simularam situa\u00e7\u00f5es t\u00e1ticas de jogo e treinaram movimenta\u00e7\u00f5es defensivas e ofensivas. No fim, os jogadores ainda fizeram ajustes em bolas paradas de ataque e de defesa.\u00a0<\/span><\/p>\n<p><b>Escala\u00e7\u00e3o para o jogo<\/b><\/p>\n<p><span style=\"font-weight: 400;\">Durante entrevista coletiva, Tite definiu os 11 titulares, para o confronto diante dos Venezuelanos. O Brasil vai a campo com Ederson, Danilo, Marquinhos, Thiago Silva e Renan Lodi; Allan, Douglas Luiz e Everton Ribeiro; Gabriel Jesus, Roberto Firmino e Richarlison.<\/span><\/p>\n<p><b>Mais um desfalque<\/b><\/p>\n<p><span style=\"font-weight: 400;\">Ap\u00f3s a conclus\u00e3o do treino na Granja Comary, a Comiss\u00e3o T\u00e9cnica do Brasil confirmou o corte do lateral-direito, Gabriel Menino, por testar positivo para Covid-19. Diante deste cen\u00e1rio, Tite comenta sobre poss\u00edvel risco de cont\u00e1gio da doen\u00e7a:<\/span><\/p>\n<p><span style=\"font-weight: 400;\">\u201cO doutor colocou o que foi feito. Ele vai acelerar outros testes. Nesse meio tempo n\u00e3o h\u00e1 problema nenhum n\u00f3s irmos para o jogo. A grosso modo, a informa\u00e7\u00e3o nos dada &#8211; para todos os atletas e comiss\u00e3o t\u00e9cnica &#8211; foi essa\u201d.<\/span><\/p>\n<p><span style=\"font-weight: 400;\">Al\u00e9m disso, a Sele\u00e7\u00e3o havia perdido os zagueiros Rodrigo Caio e \u00c9der Milit\u00e3o;\u00a0 os volantes Fabinho e Casemiro e o meia Philippe Coutinho, todos por conta de les\u00e3o. Foram convocados para os lugares deles Diego Carlos, Felipe, Allan, Bruno Guimar\u00e3es e Lucas Paquet\u00e1.\u00a0<\/span><\/p>\n<p><span style=\"font-weight: 400;\">Quanto ao caso de Neymar, assim como havia sido confirmado pelo Departamento M\u00e9dico, ele est\u00e1 de fora do jogo desta sexta-feira, uma vez que continua em recupera\u00e7\u00e3o de les\u00e3o na coxa direita. Entretanto, Tite espera contar com o atacante para o cl\u00e1ssico diante do Uruguai, na ter\u00e7a-feira (17).<\/span><\/p>\n<p><b>Pr\u00f3ximos compromissos<\/b><\/p>\n<p><span style=\"font-weight: 400;\">Como citado na abertura da reportagem, o Brasil encara a Venezuela, nesta sexta-feira (13), \u00e0s 21h30 no Est\u00e1dio do Morumbi em S\u00e3o Paulo e contra o Uruguai no dia 17 deste m\u00eas, \u00e0s 20h00 no Est\u00e1dio Centen\u00e1rio em Montevideo.<\/span><\/p>\n","protected":false},"excerpt":{"rendered":"<p>Na manh\u00e3 desta quinta-feira (12), a Sele\u00e7\u00e3o Brasileira realizou seu \u00faltimo treino, antes de viajar para S\u00e3o Paulo, onde enfrentar\u00e1 a Venezuela nesta sexta-feira (13), pela terceira rodada das Eliminat\u00f3rias da Copa do Mundo Catar 2022. O t\u00e9cnico Tite voltou a trabalhar conceitos t\u00e1ticos com o time, dessa vez em campo reduzido. Foram feitos dois [&hellip;]<\/p>\n","protected":false},"author":96,"featured_media":172896,"comment_status":"closed","ping_status":"closed","sticky":false,"template":"","format":"standard","meta":{"footnotes":""},"categories":[436,257,439],"tags":[],"class_list":["post-172894","post","type-post","status-publish","format-standard","has-post-thumbnail","hentry","category-destaque-da-semana","category-esporte","category-ultima-hora"],"_links":{"self":[{"href":"https:\/\/diarioregionaldigital.com.br\/index.php?rest_route=\/wp\/v2\/posts\/172894","targetHints":{"allow":["GET"]}}],"collection":[{"href":"https:\/\/diarioregionaldigital.com.br\/index.php?rest_route=\/wp\/v2\/posts"}],"about":[{"href":"https:\/\/diarioregionaldigital.com.br\/index.php?rest_route=\/wp\/v2\/types\/post"}],"author":[{"embeddable":true,"href":"https:\/\/diarioregionaldigital.com.br\/index.php?rest_route=\/wp\/v2\/users\/96"}],"replies":[{"embeddable":true,"href":"https:\/\/diarioregionaldigital.com.br\/index.php?rest_route=%2Fwp%2Fv2%2Fcomments&post=172894"}],"version-history":[{"count":0,"href":"https:\/\/diarioregionaldigital.com.br\/index.php?rest_route=\/wp\/v2\/posts\/172894\/revisions"}],"wp:featuredmedia":[{"embeddable":true,"href":"https:\/\/diarioregionaldigital.com.br\/index.php?rest_route=\/wp\/v2\/media\/172896"}],"wp:attachment":[{"href":"https:\/\/diarioregionaldigital.com.br\/index.php?rest_route=%2Fwp%2Fv2%2Fmedia&parent=172894"}],"wp:term":[{"taxonomy":"category","embeddable":true,"href":"https:\/\/diarioregionaldigital.com.br\/index.php?rest_route=%2Fwp%2Fv2%2Fcategories&post=172894"},{"taxonomy":"post_tag","embeddable":true,"href":"https:\/\/diarioregionaldigital.com.br\/index.php?rest_route=%2Fwp%2Fv2%2Ftags&post=172894"}],"curies":[{"name":"wp","href":"https:\/\/api.w.org\/{rel}","templated":true}]}}