{"id":172888,"date":"2020-11-12T14:41:51","date_gmt":"2020-11-12T17:41:51","guid":{"rendered":"https:\/\/diarioregionaldigital.com.br\/?p=172888"},"modified":"2020-11-12T15:10:16","modified_gmt":"2020-11-12T18:10:16","slug":"mais-de-34-mil-estudantes-efetuam-inscricoes-para-o-pism-2021","status":"publish","type":"post","link":"https:\/\/diarioregionaldigital.com.br\/?p=172888","title":{"rendered":"Mais de 34 mil estudantes efetuam inscri\u00e7\u00f5es para o Pism 2021"},"content":{"rendered":"<p><span style=\"font-weight: 400;\">A Universidade Federal de Juiz de Fora (UFJF), informou na quarta-feira (11), que mais de 34 mil candidatos, efetuaram suas inscri\u00e7\u00f5es para o Programa de Ingresso Seletivo Misto (Pism) 2021. Conforme a institui\u00e7\u00e3o, 14.192 estudantes se inscreveram no M\u00f3dulo I, 11.828 para o\u00a0 M\u00f3dulo II e 8.015 no III. O Vestibular de M\u00fasica recebeu 51 inscri\u00e7\u00f5es.<\/span><\/p>\n<p><span style=\"font-weight: 400;\">No caso do Pism III, os cursos mais procurados no campus de Juiz de Fora foram Medicina, Medicina Veterin\u00e1ria, Psicologia, Direito, Arquitetura, Odontologia, Enfermagem, Educa\u00e7\u00e3o F\u00edsica, Nutri\u00e7\u00e3o e Fisioterapia. J\u00e1 para o Campus de Governador Valadares, Medicina, Odontologia e Direito obtiveram o maior n\u00famero de inscritos. A UFJF divulgar\u00e1 a rela\u00e7\u00e3o candidato\/vaga de todos os cursos, no dia 9 de fevereiro do pr\u00f3ximo ano.<\/span><\/p>\n<p><span style=\"font-weight: 400;\">O pr\u00f3-reitor de Gradua\u00e7\u00e3o, Cassiano Caon Amorim, destaca a consolida\u00e7\u00e3o do processo seletivo nos \u00faltimos 18 anos. \u201cO Pism permite que o candidato seja avaliado na medida em que ele avance na sua forma\u00e7\u00e3o. Hoje as provas s\u00e3o aplicadas Juiz de Fora, Governador Valadares, Muria\u00e9, Petr\u00f3polis e Volta Redonda, mas recebemos durante todas as edi\u00e7\u00f5es estudantes de diversas localidades, o que nos d\u00e1 orgulho. O candidato que se inscreve para o Pism escolhe a UFJF como Institui\u00e7\u00e3o.\u201d<\/span><\/p>\n<p><span style=\"font-weight: 400;\">Em 2019, o processo seletivo contou com recorde de 40.202 inscritos, n\u00famero superior em compara\u00e7\u00e3o ao registrado para a pr\u00f3xima edi\u00e7\u00e3o. Segundo o pr\u00f3-reitor, a pandemia do Coronav\u00edrus impactou diretamente nos estudantes:<\/span><\/p>\n<p><span style=\"font-weight: 400;\">\u201cAs mudan\u00e7as do calend\u00e1rio acad\u00eamico de todo o ensino impactam diretamente na inseguran\u00e7a dos estudantes e tamb\u00e9m em quest\u00f5es como locomo\u00e7\u00e3o e vulnerabilidade social. Neste momento, o desafio para a Educa\u00e7\u00e3o Superior t\u00eam sido adaptar todo o seu processo de ingresso, desde a inscri\u00e7\u00e3o at\u00e9 a matr\u00edcula, para que sejam tomadas todas as preocupa\u00e7\u00f5es impostas pela pandemia. A preocupa\u00e7\u00e3o \u00e9 com a perman\u00eancia dos estudantes permane\u00e7am na Universidade.\u201d<\/span><\/p>\n<p><b>Datas das provas<\/b><\/p>\n<p><span style=\"font-weight: 400;\">Conforme a UFJF, os inscritos nos M\u00f3dulos II e III, realizar\u00e3o as provas nos dias 27 e 28 de fevereiro. J\u00e1 os candidatos no M\u00f3dulo I, far\u00e3o as provas nos dias 13 e 14 mar\u00e7o.\u00a0<\/span><\/p>\n<p>&nbsp;<\/p>\n","protected":false},"excerpt":{"rendered":"<p>A Universidade Federal de Juiz de Fora (UFJF), informou na quarta-feira (11), que mais de 34 mil candidatos, efetuaram suas inscri\u00e7\u00f5es para o Programa de Ingresso Seletivo Misto (Pism) 2021. Conforme a institui\u00e7\u00e3o, 14.192 estudantes se inscreveram no M\u00f3dulo I, 11.828 para o\u00a0 M\u00f3dulo II e 8.015 no III. O Vestibular de M\u00fasica recebeu 51 [&hellip;]<\/p>\n","protected":false},"author":96,"featured_media":172889,"comment_status":"closed","ping_status":"closed","sticky":false,"template":"","format":"standard","meta":{"footnotes":""},"categories":[253,436,440,439],"tags":[],"class_list":["post-172888","post","type-post","status-publish","format-standard","has-post-thumbnail","hentry","category-cidade","category-destaque-da-semana","category-destaques-do-dia","category-ultima-hora"],"_links":{"self":[{"href":"https:\/\/diarioregionaldigital.com.br\/index.php?rest_route=\/wp\/v2\/posts\/172888","targetHints":{"allow":["GET"]}}],"collection":[{"href":"https:\/\/diarioregionaldigital.com.br\/index.php?rest_route=\/wp\/v2\/posts"}],"about":[{"href":"https:\/\/diarioregionaldigital.com.br\/index.php?rest_route=\/wp\/v2\/types\/post"}],"author":[{"embeddable":true,"href":"https:\/\/diarioregionaldigital.com.br\/index.php?rest_route=\/wp\/v2\/users\/96"}],"replies":[{"embeddable":true,"href":"https:\/\/diarioregionaldigital.com.br\/index.php?rest_route=%2Fwp%2Fv2%2Fcomments&post=172888"}],"version-history":[{"count":0,"href":"https:\/\/diarioregionaldigital.com.br\/index.php?rest_route=\/wp\/v2\/posts\/172888\/revisions"}],"wp:featuredmedia":[{"embeddable":true,"href":"https:\/\/diarioregionaldigital.com.br\/index.php?rest_route=\/wp\/v2\/media\/172889"}],"wp:attachment":[{"href":"https:\/\/diarioregionaldigital.com.br\/index.php?rest_route=%2Fwp%2Fv2%2Fmedia&parent=172888"}],"wp:term":[{"taxonomy":"category","embeddable":true,"href":"https:\/\/diarioregionaldigital.com.br\/index.php?rest_route=%2Fwp%2Fv2%2Fcategories&post=172888"},{"taxonomy":"post_tag","embeddable":true,"href":"https:\/\/diarioregionaldigital.com.br\/index.php?rest_route=%2Fwp%2Fv2%2Ftags&post=172888"}],"curies":[{"name":"wp","href":"https:\/\/api.w.org\/{rel}","templated":true}]}}