{"id":172885,"date":"2020-11-12T14:23:06","date_gmt":"2020-11-12T17:23:06","guid":{"rendered":"https:\/\/diarioregionaldigital.com.br\/?p=172885"},"modified":"2020-11-12T14:23:06","modified_gmt":"2020-11-12T17:23:06","slug":"defesa-civil-chama-atencao-para-inicio-do-periodo-chuvoso","status":"publish","type":"post","link":"https:\/\/diarioregionaldigital.com.br\/?p=172885","title":{"rendered":"Defesa Civil chama aten\u00e7\u00e3o para in\u00edcio do per\u00edodo chuvoso"},"content":{"rendered":"<p>Com a chegada do per\u00edodo chuvoso, a Defesa Civil, \u00f3rg\u00e3o da Secretaria de Seguran\u00e7a Urbana e Cidadania (Sesuc), da Prefeitura de Juiz de Fora (PJF), refor\u00e7a a import\u00e2ncia de medidas de autoprote\u00e7\u00e3o, para se evitar acidentes. Dando visibilidade \u00e0 quest\u00e3o, se mant\u00e9m no ar o hotsite &#8220;Alerta Chuvas&#8221;, dentro da p\u00e1gina da PJF (<a href=\"https:\/\/www.pjf.mg.gov.br\/chuva-de-verao\/index.php\">pjf.mg.gov.br\/chuva-de-verao<\/a>). Como agir, estando de carro ou a p\u00e9, como se abrigar, cuidados com as crian\u00e7as, com a rede el\u00e9trica e \u00e1rvores s\u00e3o algumas das dicas que aparecem logo no in\u00edcio da navega\u00e7\u00e3o. Tamb\u00e9m h\u00e1 orienta\u00e7\u00f5es a respeito de escava\u00e7\u00e3o em terreno, rela\u00e7\u00e3o entre alagamentos e destina\u00e7\u00e3o incorreta do lixo, a\u00e7\u00f5es da Prefeitura e telefones \u00fateis. O objetivo \u00e9 manter canal direto de informa\u00e7\u00e3o com a popula\u00e7\u00e3o, protegendo a todos e evitando ou minimizando danos.<\/p>\n<p>Nos \u00faltimos 20 dias, a Defesa Civil, juntamente com o Corpo de Bombeiros, efetuou opera\u00e7\u00e3o de cobertura com lona vin\u00edlica em duas \u00e1reas atingidas pelas chuvas do in\u00edcio do ano. Nos bairros Santa C\u00e2ndida e Santa Luzia, as encostas, que se encontravam expostas ap\u00f3s epis\u00f3dio de desabamento, foram protegidas. Estas a\u00e7\u00f5es s\u00e3o desenvolvidas como medidas paliativas, at\u00e9 que obras definitivas sejam realizadas. O trabalho foi feito antes do per\u00edodo chuvoso, para otimiza\u00e7\u00e3o do uso do material. Se fosse colocado no in\u00edcio do ano, neste momento j\u00e1 poderia estar precisando de reparos, e n\u00e3o surtiria o mesmo efeito de prote\u00e7\u00e3o necess\u00e1rio ao momento.<\/p>\n<p><b>Chuvas dos \u00faltimos dias<\/b><\/p>\n<p>Com as chuvas dos dois \u00faltimos dias, a Defesa Civil j\u00e1 registrou crescimento no n\u00famero de solicita\u00e7\u00f5es feitas pela popula\u00e7\u00e3o. S\u00e3o casos de desabamento de muro de divisa e de conten\u00e7\u00e3o, amea\u00e7a de escorregamento de talude, trinca em parede e infiltra\u00e7\u00e3o. Nenhuma ocorr\u00eancia grave foi registrada. Todo atendimento, feito pelo 199, gera boletim, que \u00e9 encaminhado \u00e0 equipe t\u00e9cnica, para realiza\u00e7\u00e3o de vistoria no local.<\/p>\n<p>A popula\u00e7\u00e3o deve entrar em contato com a Defesa Civil pelo telefone 199, entre 7 e 19 horas. Depois deste hor\u00e1rio, as liga\u00e7\u00f5es devem ser feitas \u00e0 Central da Guarda Municipal, pelo 153.<\/p>\n<p><strong>Fonte:<\/strong> Assessoria<\/p>\n","protected":false},"excerpt":{"rendered":"<p>Com a chegada do per\u00edodo chuvoso, a Defesa Civil, \u00f3rg\u00e3o da Secretaria de Seguran\u00e7a Urbana e Cidadania (Sesuc), da Prefeitura de Juiz de Fora (PJF), refor\u00e7a a import\u00e2ncia de medidas de autoprote\u00e7\u00e3o, para se evitar acidentes. Dando visibilidade \u00e0 quest\u00e3o, se mant\u00e9m no ar o hotsite &#8220;Alerta Chuvas&#8221;, dentro da p\u00e1gina da PJF (pjf.mg.gov.br\/chuva-de-verao). Como [&hellip;]<\/p>\n","protected":false},"author":96,"featured_media":172886,"comment_status":"closed","ping_status":"closed","sticky":false,"template":"","format":"standard","meta":{"footnotes":""},"categories":[253,436,439],"tags":[],"class_list":["post-172885","post","type-post","status-publish","format-standard","has-post-thumbnail","hentry","category-cidade","category-destaque-da-semana","category-ultima-hora"],"_links":{"self":[{"href":"https:\/\/diarioregionaldigital.com.br\/index.php?rest_route=\/wp\/v2\/posts\/172885","targetHints":{"allow":["GET"]}}],"collection":[{"href":"https:\/\/diarioregionaldigital.com.br\/index.php?rest_route=\/wp\/v2\/posts"}],"about":[{"href":"https:\/\/diarioregionaldigital.com.br\/index.php?rest_route=\/wp\/v2\/types\/post"}],"author":[{"embeddable":true,"href":"https:\/\/diarioregionaldigital.com.br\/index.php?rest_route=\/wp\/v2\/users\/96"}],"replies":[{"embeddable":true,"href":"https:\/\/diarioregionaldigital.com.br\/index.php?rest_route=%2Fwp%2Fv2%2Fcomments&post=172885"}],"version-history":[{"count":0,"href":"https:\/\/diarioregionaldigital.com.br\/index.php?rest_route=\/wp\/v2\/posts\/172885\/revisions"}],"wp:featuredmedia":[{"embeddable":true,"href":"https:\/\/diarioregionaldigital.com.br\/index.php?rest_route=\/wp\/v2\/media\/172886"}],"wp:attachment":[{"href":"https:\/\/diarioregionaldigital.com.br\/index.php?rest_route=%2Fwp%2Fv2%2Fmedia&parent=172885"}],"wp:term":[{"taxonomy":"category","embeddable":true,"href":"https:\/\/diarioregionaldigital.com.br\/index.php?rest_route=%2Fwp%2Fv2%2Fcategories&post=172885"},{"taxonomy":"post_tag","embeddable":true,"href":"https:\/\/diarioregionaldigital.com.br\/index.php?rest_route=%2Fwp%2Fv2%2Ftags&post=172885"}],"curies":[{"name":"wp","href":"https:\/\/api.w.org\/{rel}","templated":true}]}}