{"id":172881,"date":"2020-11-12T14:01:29","date_gmt":"2020-11-12T17:01:29","guid":{"rendered":"https:\/\/diarioregionaldigital.com.br\/?p=172881"},"modified":"2020-11-12T14:01:29","modified_gmt":"2020-11-12T17:01:29","slug":"eleicoes-2020-pesquisa-do-ibope-aponta-que-78-da-populacao-tem-voto-definido-para-a-pjf","status":"publish","type":"post","link":"https:\/\/diarioregionaldigital.com.br\/?p=172881","title":{"rendered":"Elei\u00e7\u00f5es 2020: Pesquisa do IBOPE aponta que 78% da popula\u00e7\u00e3o tem voto definido para a PJF"},"content":{"rendered":"<p><span style=\"font-weight: 400;\">Em mais uma pesquisa realizada nessa semana, o IBOPE perguntou \u00e0 popula\u00e7\u00e3o de Juiz de Fora, sobre a defini\u00e7\u00e3o ou poss\u00edvel mudan\u00e7a de voto, para \u00e0 Prefeitura. De acordo com o levantamento, 78% dos moradores diz ter escolhido seu candidato, para governar o munic\u00edpio pelos pr\u00f3ximos quatro anos. Al\u00e9m disso, 21% diz que pode alterar o voto e 1% n\u00e3o soube ou n\u00e3o respondeu.<\/span><\/p>\n<p><span style=\"font-weight: 400;\">O IBOPE perguntou aos eleitores sobre quem eles acreditam que ser\u00e1 o futuro mandat\u00e1rio de Juiz de Fora. Dentre os candidatos, Wilson Rezato (PSB) foi o mais citado com 37%. Logo em seguida, vem Delegada Sheila (PSL) com 23%, Margarida Salom\u00e3o (PT) com 22% e a delegada licenciada da Pol\u00edcia Civil Ione Barbosa (Republicanos).<\/span><\/p>\n<p><span style=\"font-weight: 400;\">A proje\u00e7\u00e3o de vit\u00f3ria feita pelo eleitorado, bem como o grau de defini\u00e7\u00e3o de seu voto, fizeram parte da pesquisa elaborada pelo IBOPE, que realizou o levantamento sobre a inten\u00e7\u00e3o de votos. A\u00a0 candidata Margarida Salom\u00e3o (PT), lidera com 32%. Wilson Rezato (PSB) tem 21%, Delegada Sheila (PSL) e Ione (REPUBLICANOS) com 12%, Aloizio Penido (PTC), Eduardo Lucas (DC), Fernando Elioterio (PCdoB), general Marco Fel\u00edcio (PRTB), Lorene Figueiredo (PSOL) e Marcos Ribeiro (Rede), possuem 1% de inten\u00e7\u00e3o de voto cada. J\u00e1 Victoria Mello (PSTU) n\u00e3o foi mencionada pelos entrevistados.\u00a0<\/span><\/p>\n<p><span style=\"font-weight: 400;\">A pesquisa do IBOPE foi registrada no Tribunal Superior Eleitoral (TSE), com o n\u00famero MG-07641\/2020, no \u00faltimo dia 4 deste m\u00eas. Ao todo, 525 eleitores do munic\u00edpio foram entrevistados pelo telefone, at\u00e9 ter\u00e7a-feira\u00a0 (10). O n\u00edvel de confian\u00e7a \u00e9 de 95% e a margem de erro \u00e9 de 4 pontos percentuais.<\/span><\/p>\n","protected":false},"excerpt":{"rendered":"<p>Em mais uma pesquisa realizada nessa semana, o IBOPE perguntou \u00e0 popula\u00e7\u00e3o de Juiz de Fora, sobre a defini\u00e7\u00e3o ou poss\u00edvel mudan\u00e7a de voto, para \u00e0 Prefeitura. De acordo com o levantamento, 78% dos moradores diz ter escolhido seu candidato, para governar o munic\u00edpio pelos pr\u00f3ximos quatro anos. Al\u00e9m disso, 21% diz que pode alterar [&hellip;]<\/p>\n","protected":false},"author":96,"featured_media":172882,"comment_status":"closed","ping_status":"closed","sticky":false,"template":"","format":"standard","meta":{"footnotes":""},"categories":[436,440,254,439],"tags":[],"class_list":["post-172881","post","type-post","status-publish","format-standard","has-post-thumbnail","hentry","category-destaque-da-semana","category-destaques-do-dia","category-politica","category-ultima-hora"],"_links":{"self":[{"href":"https:\/\/diarioregionaldigital.com.br\/index.php?rest_route=\/wp\/v2\/posts\/172881","targetHints":{"allow":["GET"]}}],"collection":[{"href":"https:\/\/diarioregionaldigital.com.br\/index.php?rest_route=\/wp\/v2\/posts"}],"about":[{"href":"https:\/\/diarioregionaldigital.com.br\/index.php?rest_route=\/wp\/v2\/types\/post"}],"author":[{"embeddable":true,"href":"https:\/\/diarioregionaldigital.com.br\/index.php?rest_route=\/wp\/v2\/users\/96"}],"replies":[{"embeddable":true,"href":"https:\/\/diarioregionaldigital.com.br\/index.php?rest_route=%2Fwp%2Fv2%2Fcomments&post=172881"}],"version-history":[{"count":0,"href":"https:\/\/diarioregionaldigital.com.br\/index.php?rest_route=\/wp\/v2\/posts\/172881\/revisions"}],"wp:featuredmedia":[{"embeddable":true,"href":"https:\/\/diarioregionaldigital.com.br\/index.php?rest_route=\/wp\/v2\/media\/172882"}],"wp:attachment":[{"href":"https:\/\/diarioregionaldigital.com.br\/index.php?rest_route=%2Fwp%2Fv2%2Fmedia&parent=172881"}],"wp:term":[{"taxonomy":"category","embeddable":true,"href":"https:\/\/diarioregionaldigital.com.br\/index.php?rest_route=%2Fwp%2Fv2%2Fcategories&post=172881"},{"taxonomy":"post_tag","embeddable":true,"href":"https:\/\/diarioregionaldigital.com.br\/index.php?rest_route=%2Fwp%2Fv2%2Ftags&post=172881"}],"curies":[{"name":"wp","href":"https:\/\/api.w.org\/{rel}","templated":true}]}}