{"id":172864,"date":"2020-11-12T10:37:53","date_gmt":"2020-11-12T13:37:53","guid":{"rendered":"https:\/\/diarioregionaldigital.com.br\/?p=172864"},"modified":"2020-11-12T10:38:18","modified_gmt":"2020-11-12T13:38:18","slug":"mortes-por-covid-19-chegam-a-9-259-segundo-levantamento-da-ses-mg","status":"publish","type":"post","link":"https:\/\/diarioregionaldigital.com.br\/?p=172864","title":{"rendered":"Mortes por Covid-19 chegam a 9.259, segundo levantamento da SES-MG"},"content":{"rendered":"<p>O novo\u00a0<a href=\"https:\/\/www.saude.mg.gov.br\/images\/noticias_e_eventos\/000_2020\/Boletins_Corona\/12.11.2020Boletim_Epidemiologico_COVID-19.pdf\">boletim epidemiol\u00f3gico<\/a> publicado nesta quinta-feira (12), pela Secretaria de Estado da Sa\u00fade de Minas Gerais (SES-MG), informa que nas \u00faltimas 24h, foram notificadas mais 55 mortes decorrentes do Coronav\u00edrus. No acumulado, s\u00e3o 9.259 \u00f3bitos. Os dados indicam que 5.255 v\u00edtimas s\u00e3o do sexo masculino e 4.004 s\u00e3o do feminino.<\/p>\n<p>Al\u00e9m disso, foram registrados mais 1.886 novos casos da doen\u00e7a, totalizando 376.537 pessoas infectadas. Al\u00e9m disso, 347.716 pacientes est\u00e3o recuperados da doen\u00e7a, representando 92,3% dos casos e 19.562 fazem acompanhamento m\u00e9dico. Quanto aos dados de hospitaliza\u00e7\u00e3o, 36.628 pessoas est\u00e3o internadas e 339.909 est\u00e3o em isolamento domiciliar.<\/p>\n","protected":false},"excerpt":{"rendered":"<p>O novo\u00a0boletim epidemiol\u00f3gico publicado nesta quinta-feira (12), pela Secretaria de Estado da Sa\u00fade de Minas Gerais (SES-MG), informa que nas \u00faltimas 24h, foram notificadas mais 55 mortes decorrentes do Coronav\u00edrus. No acumulado, s\u00e3o 9.259 \u00f3bitos. Os dados indicam que 5.255 v\u00edtimas s\u00e3o do sexo masculino e 4.004 s\u00e3o do feminino. Al\u00e9m disso, foram registrados mais [&hellip;]<\/p>\n","protected":false},"author":96,"featured_media":167801,"comment_status":"closed","ping_status":"closed","sticky":false,"template":"","format":"standard","meta":{"footnotes":""},"categories":[436,440,439],"tags":[],"class_list":["post-172864","post","type-post","status-publish","format-standard","has-post-thumbnail","hentry","category-destaque-da-semana","category-destaques-do-dia","category-ultima-hora"],"_links":{"self":[{"href":"https:\/\/diarioregionaldigital.com.br\/index.php?rest_route=\/wp\/v2\/posts\/172864","targetHints":{"allow":["GET"]}}],"collection":[{"href":"https:\/\/diarioregionaldigital.com.br\/index.php?rest_route=\/wp\/v2\/posts"}],"about":[{"href":"https:\/\/diarioregionaldigital.com.br\/index.php?rest_route=\/wp\/v2\/types\/post"}],"author":[{"embeddable":true,"href":"https:\/\/diarioregionaldigital.com.br\/index.php?rest_route=\/wp\/v2\/users\/96"}],"replies":[{"embeddable":true,"href":"https:\/\/diarioregionaldigital.com.br\/index.php?rest_route=%2Fwp%2Fv2%2Fcomments&post=172864"}],"version-history":[{"count":0,"href":"https:\/\/diarioregionaldigital.com.br\/index.php?rest_route=\/wp\/v2\/posts\/172864\/revisions"}],"wp:featuredmedia":[{"embeddable":true,"href":"https:\/\/diarioregionaldigital.com.br\/index.php?rest_route=\/wp\/v2\/media\/167801"}],"wp:attachment":[{"href":"https:\/\/diarioregionaldigital.com.br\/index.php?rest_route=%2Fwp%2Fv2%2Fmedia&parent=172864"}],"wp:term":[{"taxonomy":"category","embeddable":true,"href":"https:\/\/diarioregionaldigital.com.br\/index.php?rest_route=%2Fwp%2Fv2%2Fcategories&post=172864"},{"taxonomy":"post_tag","embeddable":true,"href":"https:\/\/diarioregionaldigital.com.br\/index.php?rest_route=%2Fwp%2Fv2%2Ftags&post=172864"}],"curies":[{"name":"wp","href":"https:\/\/api.w.org\/{rel}","templated":true}]}}