{"id":172849,"date":"2020-11-12T06:00:43","date_gmt":"2020-11-12T09:00:43","guid":{"rendered":"https:\/\/diarioregionaldigital.com.br\/?p=172849"},"modified":"2020-11-12T02:32:47","modified_gmt":"2020-11-12T05:32:47","slug":"em-tempo","status":"publish","type":"post","link":"https:\/\/diarioregionaldigital.com.br\/?p=172849","title":{"rendered":"Em Tempo"},"content":{"rendered":"<p style=\"text-align: center;\"><strong>Aplausos<\/strong><\/p>\n<p style=\"text-align: center;\">Em tempos dif\u00edceis uma not\u00edcia boa d\u00e1 conta que a Fiemg venceu o Pr\u00eamio Jos\u00e9 Costa (categoria qualidade da cidadania) por suas a\u00e7\u00f5es de combate \u00e0 pandemia causada pelo novo Coronav\u00edrus.<\/p>\n<p style=\"text-align: center;\"><strong>Artes Pl\u00e1sticas<\/strong><\/p>\n<p style=\"text-align: center;\">Digno de elogios, o artista pl\u00e1stico, Jorge Arbach lan\u00e7ou cole\u00e7\u00e3o de lindas canecas inspirada nos ladrilhos hidr\u00e1ulicos, presentes em importantes espa\u00e7os da cidade, como a Igreja do Ros\u00e1rio, Escola Normal Casa D\u2019It\u00e1lia e a antiga sede da Cia. Construtora Pantaleone Arcuri.<\/p>\n<p style=\"text-align: center;\"><strong>Olha S\u00f3<\/strong><\/p>\n<p style=\"text-align: center;\">Para quem acha que aqui s\u00f3 tem not\u00edcias sociais falamos tamb\u00e9m sobre arte, pol\u00edtica e economia, de leve. A \u00faltima \u00e9 que o consumo de diesel em outubro superou o do mesmo m\u00eas em 2019.<\/p>\n<p style=\"text-align: center;\"><span style=\"font-size: 14pt;\"><strong>Em Tempo<\/strong><\/span><\/p>\n<p style=\"text-align: center;\">Sobre Jane di Castro: esse caminho vale refor\u00e7ar tem uma perigosa m\u00e3o dupla, e \u00e9 uma pena que o pa\u00eds tenha perdido uma voz t\u00e3o potente como a de Jane, sobretudo num momento estapaf\u00fardio, em que precisamos tanto dela para combater os arautos da marcha \u00e1 r\u00e9 que tentam avacalhar a liberdade. Por Jane, sigamos alerta e fortes. Em frente. (Bruno Astuto).<\/p>\n<div id=\"attachment_172836\" style=\"width: 690px\" class=\"wp-caption aligncenter\"><img loading=\"lazy\" decoding=\"async\" aria-describedby=\"caption-attachment-172836\" class=\"wp-image-172836\" src=\"https:\/\/diarioregionaldigital.com.br\/wp-content\/uploads\/2020\/11\/fotoa-7-e1605157945970.jpg\" alt=\"\" width=\"680\" height=\"471\" srcset=\"https:\/\/diarioregionaldigital.com.br\/wp-content\/uploads\/2020\/11\/fotoa-7-e1605157945970.jpg 776w, https:\/\/diarioregionaldigital.com.br\/wp-content\/uploads\/2020\/11\/fotoa-7-e1605157945970-300x208.jpg 300w, https:\/\/diarioregionaldigital.com.br\/wp-content\/uploads\/2020\/11\/fotoa-7-e1605157945970-768x532.jpg 768w, https:\/\/diarioregionaldigital.com.br\/wp-content\/uploads\/2020\/11\/fotoa-7-e1605157945970-360x250.jpg 360w, https:\/\/diarioregionaldigital.com.br\/wp-content\/uploads\/2020\/11\/fotoa-7-e1605157945970-100x70.jpg 100w\" sizes=\"auto, (max-width: 680px) 100vw, 680px\" \/><p id=\"caption-attachment-172836\" class=\"wp-caption-text\">Em destaque hoje (12) as luxuosas Vera Alice Tam e a filha aniversariante do dia Sarah Costa<\/p><\/div>\n<div id=\"attachment_172837\" style=\"width: 690px\" class=\"wp-caption aligncenter\"><img loading=\"lazy\" decoding=\"async\" aria-describedby=\"caption-attachment-172837\" class=\"wp-image-172837\" src=\"https:\/\/diarioregionaldigital.com.br\/wp-content\/uploads\/2020\/11\/fotob-5-e1605157973148.jpg\" alt=\"\" width=\"680\" height=\"525\" srcset=\"https:\/\/diarioregionaldigital.com.br\/wp-content\/uploads\/2020\/11\/fotob-5-e1605157973148.jpg 539w, https:\/\/diarioregionaldigital.com.br\/wp-content\/uploads\/2020\/11\/fotob-5-e1605157973148-300x232.jpg 300w, https:\/\/diarioregionaldigital.com.br\/wp-content\/uploads\/2020\/11\/fotob-5-e1605157973148-360x278.jpg 360w\" sizes=\"auto, (max-width: 680px) 100vw, 680px\" \/><p id=\"caption-attachment-172837\" class=\"wp-caption-text\">Um foco nas queridas educadoras Ivete Gomes e Regina Mirian<\/p><\/div>\n<div id=\"attachment_172838\" style=\"width: 690px\" class=\"wp-caption aligncenter\"><img loading=\"lazy\" decoding=\"async\" aria-describedby=\"caption-attachment-172838\" class=\"wp-image-172838\" src=\"https:\/\/diarioregionaldigital.com.br\/wp-content\/uploads\/2020\/11\/fotoc-6-e1605158775601.jpg\" alt=\"\" width=\"680\" height=\"505\" srcset=\"https:\/\/diarioregionaldigital.com.br\/wp-content\/uploads\/2020\/11\/fotoc-6-e1605158775601.jpg 717w, https:\/\/diarioregionaldigital.com.br\/wp-content\/uploads\/2020\/11\/fotoc-6-e1605158775601-300x223.jpg 300w, https:\/\/diarioregionaldigital.com.br\/wp-content\/uploads\/2020\/11\/fotoc-6-e1605158775601-360x267.jpg 360w\" sizes=\"auto, (max-width: 680px) 100vw, 680px\" \/><p id=\"caption-attachment-172838\" class=\"wp-caption-text\">Antes da pandemia, os irm\u00e3os bonit\u00f5es, Matias Ematne e Samuel Ematne, em Paris<\/p><\/div>\n<div id=\"attachment_172839\" style=\"width: 690px\" class=\"wp-caption aligncenter\"><img loading=\"lazy\" decoding=\"async\" aria-describedby=\"caption-attachment-172839\" class=\"wp-image-172839\" src=\"https:\/\/diarioregionaldigital.com.br\/wp-content\/uploads\/2020\/11\/fotod-e1605158804118.jpeg\" alt=\"\" width=\"680\" height=\"555\" srcset=\"https:\/\/diarioregionaldigital.com.br\/wp-content\/uploads\/2020\/11\/fotod-e1605158804118.jpeg 844w, https:\/\/diarioregionaldigital.com.br\/wp-content\/uploads\/2020\/11\/fotod-e1605158804118-300x245.jpeg 300w, https:\/\/diarioregionaldigital.com.br\/wp-content\/uploads\/2020\/11\/fotod-e1605158804118-768x627.jpeg 768w, https:\/\/diarioregionaldigital.com.br\/wp-content\/uploads\/2020\/11\/fotod-e1605158804118-220x180.jpeg 220w, https:\/\/diarioregionaldigital.com.br\/wp-content\/uploads\/2020\/11\/fotod-e1605158804118-360x294.jpeg 360w\" sizes=\"auto, (max-width: 680px) 100vw, 680px\" \/><p id=\"caption-attachment-172839\" class=\"wp-caption-text\">Antes da pandemia no novo Bar do Ben\u00e9 em S\u00e3o Pedro as lindezas Suzana Vaz \u00e9 Rose Oliveira.<\/p><\/div>\n<div id=\"attachment_172840\" style=\"width: 690px\" class=\"wp-caption aligncenter\"><img loading=\"lazy\" decoding=\"async\" aria-describedby=\"caption-attachment-172840\" class=\"wp-image-172840\" src=\"https:\/\/diarioregionaldigital.com.br\/wp-content\/uploads\/2020\/11\/fotoe-5-e1605158825542.jpg\" alt=\"\" width=\"680\" height=\"498\" srcset=\"https:\/\/diarioregionaldigital.com.br\/wp-content\/uploads\/2020\/11\/fotoe-5-e1605158825542.jpg 716w, https:\/\/diarioregionaldigital.com.br\/wp-content\/uploads\/2020\/11\/fotoe-5-e1605158825542-300x220.jpg 300w, https:\/\/diarioregionaldigital.com.br\/wp-content\/uploads\/2020\/11\/fotoe-5-e1605158825542-360x263.jpg 360w\" sizes=\"auto, (max-width: 680px) 100vw, 680px\" \/><p id=\"caption-attachment-172840\" class=\"wp-caption-text\">Visitando esta coluna social, a bondosa doceira Regina Stephan e Silva<\/p><\/div>\n<div id=\"attachment_172841\" style=\"width: 690px\" class=\"wp-caption aligncenter\"><img loading=\"lazy\" decoding=\"async\" aria-describedby=\"caption-attachment-172841\" class=\"wp-image-172841\" src=\"https:\/\/diarioregionaldigital.com.br\/wp-content\/uploads\/2020\/11\/fotog-6-e1605158852416.jpg\" alt=\"\" width=\"680\" height=\"625\" srcset=\"https:\/\/diarioregionaldigital.com.br\/wp-content\/uploads\/2020\/11\/fotog-6-e1605158852416.jpg 540w, https:\/\/diarioregionaldigital.com.br\/wp-content\/uploads\/2020\/11\/fotog-6-e1605158852416-300x276.jpg 300w, https:\/\/diarioregionaldigital.com.br\/wp-content\/uploads\/2020\/11\/fotog-6-e1605158852416-360x331.jpg 360w\" sizes=\"auto, (max-width: 680px) 100vw, 680px\" \/><p id=\"caption-attachment-172841\" class=\"wp-caption-text\">Em cena natureza total, Rodrigo Venzzi<\/p><\/div>\n<div id=\"attachment_172842\" style=\"width: 690px\" class=\"wp-caption aligncenter\"><img loading=\"lazy\" decoding=\"async\" aria-describedby=\"caption-attachment-172842\" class=\"wp-image-172842\" src=\"https:\/\/diarioregionaldigital.com.br\/wp-content\/uploads\/2020\/11\/fotoh-4-e1605158881276.jpg\" alt=\"\" width=\"680\" height=\"469\" srcset=\"https:\/\/diarioregionaldigital.com.br\/wp-content\/uploads\/2020\/11\/fotoh-4-e1605158881276.jpg 820w, https:\/\/diarioregionaldigital.com.br\/wp-content\/uploads\/2020\/11\/fotoh-4-e1605158881276-300x207.jpg 300w, https:\/\/diarioregionaldigital.com.br\/wp-content\/uploads\/2020\/11\/fotoh-4-e1605158881276-768x530.jpg 768w, https:\/\/diarioregionaldigital.com.br\/wp-content\/uploads\/2020\/11\/fotoh-4-e1605158881276-360x248.jpg 360w, https:\/\/diarioregionaldigital.com.br\/wp-content\/uploads\/2020\/11\/fotoh-4-e1605158881276-100x70.jpg 100w\" sizes=\"auto, (max-width: 680px) 100vw, 680px\" \/><p id=\"caption-attachment-172842\" class=\"wp-caption-text\">No Clube S\u00edrio e Liban\u00ea no lan\u00e7amento do livro Mem\u00f3rias: Toninho Dutra, Evandro Fortuna e V\u00e2nia Fortuna<\/p><\/div>\n<div id=\"attachment_172843\" style=\"width: 690px\" class=\"wp-caption aligncenter\"><img loading=\"lazy\" decoding=\"async\" aria-describedby=\"caption-attachment-172843\" class=\"wp-image-172843\" src=\"https:\/\/diarioregionaldigital.com.br\/wp-content\/uploads\/2020\/11\/fotoi-5-e1605158904412.jpg\" alt=\"\" width=\"680\" height=\"470\" srcset=\"https:\/\/diarioregionaldigital.com.br\/wp-content\/uploads\/2020\/11\/fotoi-5-e1605158904412.jpg 1147w, https:\/\/diarioregionaldigital.com.br\/wp-content\/uploads\/2020\/11\/fotoi-5-e1605158904412-300x207.jpg 300w, https:\/\/diarioregionaldigital.com.br\/wp-content\/uploads\/2020\/11\/fotoi-5-e1605158904412-1024x707.jpg 1024w, https:\/\/diarioregionaldigital.com.br\/wp-content\/uploads\/2020\/11\/fotoi-5-e1605158904412-768x530.jpg 768w, https:\/\/diarioregionaldigital.com.br\/wp-content\/uploads\/2020\/11\/fotoi-5-e1605158904412-360x249.jpg 360w, https:\/\/diarioregionaldigital.com.br\/wp-content\/uploads\/2020\/11\/fotoi-5-e1605158904412-100x70.jpg 100w\" sizes=\"auto, (max-width: 680px) 100vw, 680px\" \/><p id=\"caption-attachment-172843\" class=\"wp-caption-text\">Gente de arte e cultura, Gra\u00e7a Mancini, Marcelo Casali e Liane Macedo Mour\u00e3o<\/p><\/div>\n<p style=\"text-align: center;\"><strong>FOTOSS\u00cdNTESE<\/strong><\/p>\n<p>No m\u00eas do cabelereiro (a), nossa homenagem para Baby Mancini, Carlos Badico, Rhuan Fontes, Rosenberg Frizeiro, Kak\u00e1 Mattos, Andr\u00e9 Pavam, Ant\u00f4nio Marchiori, Marcos Reink, Allison Oliveira, Andr\u00e9 Oliveira, PH, Ton Soares, S\u00e1vio Santos, Jael Pifano.<\/p>\n<p>Norma de Paula e Regina Seroa com animadas volunt\u00e1rias est\u00e3o \u00e0 frente do Bazar Solid\u00e1rio com renda para o Educand\u00e1rio Carlos Chagas. Fica na rua Santa Rita ao lado do Laborat\u00f3rio Saggioro.<\/p>\n<p>Retornando do Rio, as m\u00e9dicas dermatologistas L\u00facia Lanna e Cristina Mansur. Participaram de curso com o conceituado m\u00e9dico Andr\u00e9 Braz, autor do \u201cAtlas de anatomia\/preenchimento global e da face\u201d.<\/p>\n<p>Agendando para o dia 27 de novembro o Workshop de mesa posta com a elegante consultora Ana Paula Abranches, Ser\u00e1 no Casar\u00e3o Recep\u00e7\u00f5es.<\/p>\n<p>Selecionado para o Festival Primeiro Plano, o filme \u201cReflexo reverso: o outro em branco\u201d, produzido pelo Laborat\u00f3rio de Audiovisual Afrikas.<\/p>\n<p>Devido a pandemia, a Associa\u00e7\u00e3o Cultural Arte e Vida s\u00f3 vai comemorar seus 10 anos em 2021. Que j\u00e1 ser\u00e3o 11 anos.<\/p>\n<p>A Biblioteca Municipal Murilo Mendes, j\u00e1 come\u00e7ou a receber a devolu\u00e7\u00e3o de livros emprestados antes do fechamento do espa\u00e7o por causa da pandemia do Covid-19.<\/p>\n<p>Felipe de Paula reinou descansando a pele em Ibitipoca (MG).<\/p>\n<p>A\u00ed: \u201cEstude&#8230; pois a caneta \u00e9 mais leve que a p\u00e1\u201d. (Ant\u00f4nio Erm\u00edrio de Moraes).<\/p>\n<p><img loading=\"lazy\" decoding=\"async\" class=\"aligncenter size-full wp-image-172846\" src=\"https:\/\/diarioregionaldigital.com.br\/wp-content\/uploads\/2020\/11\/anuncio87-scaled.jpg\" alt=\"\" width=\"2560\" height=\"917\" srcset=\"https:\/\/diarioregionaldigital.com.br\/wp-content\/uploads\/2020\/11\/anuncio87-scaled.jpg 2560w, https:\/\/diarioregionaldigital.com.br\/wp-content\/uploads\/2020\/11\/anuncio87-300x108.jpg 300w, https:\/\/diarioregionaldigital.com.br\/wp-content\/uploads\/2020\/11\/anuncio87-1024x367.jpg 1024w, https:\/\/diarioregionaldigital.com.br\/wp-content\/uploads\/2020\/11\/anuncio87-768x275.jpg 768w, https:\/\/diarioregionaldigital.com.br\/wp-content\/uploads\/2020\/11\/anuncio87-1536x550.jpg 1536w, https:\/\/diarioregionaldigital.com.br\/wp-content\/uploads\/2020\/11\/anuncio87-2048x734.jpg 2048w, https:\/\/diarioregionaldigital.com.br\/wp-content\/uploads\/2020\/11\/anuncio87-360x129.jpg 360w\" sizes=\"auto, (max-width: 2560px) 100vw, 2560px\" \/><\/p>\n","protected":false},"excerpt":{"rendered":"<p>Aplausos Em tempos dif\u00edceis uma not\u00edcia boa d\u00e1 conta que a Fiemg venceu o Pr\u00eamio Jos\u00e9 Costa (categoria qualidade da cidadania) por suas a\u00e7\u00f5es de combate \u00e0 pandemia causada pelo novo Coronav\u00edrus. Artes Pl\u00e1sticas Digno de elogios, o artista pl\u00e1stico, Jorge Arbach lan\u00e7ou cole\u00e7\u00e3o de lindas canecas inspirada nos ladrilhos hidr\u00e1ulicos, presentes em importantes espa\u00e7os [&hellip;]<\/p>\n","protected":false},"author":96,"featured_media":172836,"comment_status":"closed","ping_status":"closed","sticky":false,"template":"","format":"standard","meta":{"footnotes":""},"categories":[264],"tags":[],"class_list":["post-172849","post","type-post","status-publish","format-standard","has-post-thumbnail","hentry","category-eduardo-gomes"],"_links":{"self":[{"href":"https:\/\/diarioregionaldigital.com.br\/index.php?rest_route=\/wp\/v2\/posts\/172849","targetHints":{"allow":["GET"]}}],"collection":[{"href":"https:\/\/diarioregionaldigital.com.br\/index.php?rest_route=\/wp\/v2\/posts"}],"about":[{"href":"https:\/\/diarioregionaldigital.com.br\/index.php?rest_route=\/wp\/v2\/types\/post"}],"author":[{"embeddable":true,"href":"https:\/\/diarioregionaldigital.com.br\/index.php?rest_route=\/wp\/v2\/users\/96"}],"replies":[{"embeddable":true,"href":"https:\/\/diarioregionaldigital.com.br\/index.php?rest_route=%2Fwp%2Fv2%2Fcomments&post=172849"}],"version-history":[{"count":0,"href":"https:\/\/diarioregionaldigital.com.br\/index.php?rest_route=\/wp\/v2\/posts\/172849\/revisions"}],"wp:featuredmedia":[{"embeddable":true,"href":"https:\/\/diarioregionaldigital.com.br\/index.php?rest_route=\/wp\/v2\/media\/172836"}],"wp:attachment":[{"href":"https:\/\/diarioregionaldigital.com.br\/index.php?rest_route=%2Fwp%2Fv2%2Fmedia&parent=172849"}],"wp:term":[{"taxonomy":"category","embeddable":true,"href":"https:\/\/diarioregionaldigital.com.br\/index.php?rest_route=%2Fwp%2Fv2%2Fcategories&post=172849"},{"taxonomy":"post_tag","embeddable":true,"href":"https:\/\/diarioregionaldigital.com.br\/index.php?rest_route=%2Fwp%2Fv2%2Ftags&post=172849"}],"curies":[{"name":"wp","href":"https:\/\/api.w.org\/{rel}","templated":true}]}}