{"id":172824,"date":"2020-11-11T18:53:29","date_gmt":"2020-11-11T21:53:29","guid":{"rendered":"https:\/\/diarioregionaldigital.com.br\/?p=172824"},"modified":"2020-11-12T10:39:45","modified_gmt":"2020-11-12T13:39:45","slug":"novo-boletim-da-pjf-nao-registra-morte-por-covid-19-2","status":"publish","type":"post","link":"https:\/\/diarioregionaldigital.com.br\/?p=172824","title":{"rendered":"Novo boletim da PJF n\u00e3o registra morte por Covid-19"},"content":{"rendered":"<p><span style=\"font-weight: 400;\">O novo boletim epidemiol\u00f3gico divulgado nesta quarta-feira (11) pela Secretaria de Sa\u00fade (SS) da Prefeitura de Juiz de Fora (PJF), aponta que o munic\u00edpio n\u00e3o registrou morte decorrente do Coronav\u00edrus.<\/span><\/p>\n<p><span style=\"font-weight: 400;\">De acordo com os dados, nas \u00faltimas 24h, foram registradas mais 127 pessoas infectadas pela doen\u00e7a, totalizando 7.665. Al\u00e9m disso, 27.117 pacientes s\u00e3o suspeitos de terem a doen\u00e7a.\u00a0<\/span><\/p>\n<p><b>Leitos<\/b><\/p>\n<p><span style=\"font-weight: 400;\">Segundo informa\u00e7\u00f5es da PJF, os leitos de enfermaria est\u00e3o com 66,96% de ocupa\u00e7\u00e3o. J\u00e1 os os leitos de UTI e SUS, est\u00e3o com taxa de 83,15% e 87,79% respectivamente.<\/span><\/p>\n<p><b>Ranking de bairros com maior n\u00famero de casos<\/b><\/p>\n<p><span style=\"font-weight: 400;\">At\u00e9 o momento, o Departamento de Vigil\u00e2ncia Epidemiol\u00f3gica e Ambiental (Dvea) registrou 500 casos no Centro; 329 no Bairro S\u00e3o Mateus; 227 no S\u00e3o Pedro; 204 no Benfica; 140 no Alto dos Passos; 137 no Progresso; 133 no Santa Luzia; 132 no Nova Era; 128 no Cascatinha e Bom Pastor; 125 no Santa Helena; 111 no Bandeirantes; 95 no Bairu e Linhares; 92 no Teixeiras; 91 no Santa Terezinha; 90 no Paineiras e Granbery; 88 no Monte Castelo; 84 no Grama; 83 no Nossa Senhora de Lourdes; 81 no Santa Cruz; 79 no Graja\u00fa; 77 no Ipiranga; 76 no Barbosa Lage; 74 no Santo Ant\u00f4nio; 71 no Nossa Senhora Aparecida; 69 no Eldorado; 65 no Manoel Hon\u00f3rio; 64 no Borboleta e Jardim Gl\u00f3ria; 63 no Milho Branco, Dom Bosco; 63 no Estrela Sul; 60 no Francisco Bernardino; 59 no Vila Ideal; 57 no J\u00f3quei Clube e S\u00e3o Judas Tadeu; 56 no Democrata; 55 no Industrial e 52 no Retiro.<\/span><\/p>\n","protected":false},"excerpt":{"rendered":"<p>O novo boletim epidemiol\u00f3gico divulgado nesta quarta-feira (11) pela Secretaria de Sa\u00fade (SS) da Prefeitura de Juiz de Fora (PJF), aponta que o munic\u00edpio n\u00e3o registrou morte decorrente do Coronav\u00edrus. De acordo com os dados, nas \u00faltimas 24h, foram registradas mais 127 pessoas infectadas pela doen\u00e7a, totalizando 7.665. Al\u00e9m disso, 27.117 pacientes s\u00e3o suspeitos de [&hellip;]<\/p>\n","protected":false},"author":96,"featured_media":172825,"comment_status":"closed","ping_status":"closed","sticky":false,"template":"","format":"standard","meta":{"footnotes":""},"categories":[253,436,440,439],"tags":[],"class_list":["post-172824","post","type-post","status-publish","format-standard","has-post-thumbnail","hentry","category-cidade","category-destaque-da-semana","category-destaques-do-dia","category-ultima-hora"],"_links":{"self":[{"href":"https:\/\/diarioregionaldigital.com.br\/index.php?rest_route=\/wp\/v2\/posts\/172824","targetHints":{"allow":["GET"]}}],"collection":[{"href":"https:\/\/diarioregionaldigital.com.br\/index.php?rest_route=\/wp\/v2\/posts"}],"about":[{"href":"https:\/\/diarioregionaldigital.com.br\/index.php?rest_route=\/wp\/v2\/types\/post"}],"author":[{"embeddable":true,"href":"https:\/\/diarioregionaldigital.com.br\/index.php?rest_route=\/wp\/v2\/users\/96"}],"replies":[{"embeddable":true,"href":"https:\/\/diarioregionaldigital.com.br\/index.php?rest_route=%2Fwp%2Fv2%2Fcomments&post=172824"}],"version-history":[{"count":0,"href":"https:\/\/diarioregionaldigital.com.br\/index.php?rest_route=\/wp\/v2\/posts\/172824\/revisions"}],"wp:featuredmedia":[{"embeddable":true,"href":"https:\/\/diarioregionaldigital.com.br\/index.php?rest_route=\/wp\/v2\/media\/172825"}],"wp:attachment":[{"href":"https:\/\/diarioregionaldigital.com.br\/index.php?rest_route=%2Fwp%2Fv2%2Fmedia&parent=172824"}],"wp:term":[{"taxonomy":"category","embeddable":true,"href":"https:\/\/diarioregionaldigital.com.br\/index.php?rest_route=%2Fwp%2Fv2%2Fcategories&post=172824"},{"taxonomy":"post_tag","embeddable":true,"href":"https:\/\/diarioregionaldigital.com.br\/index.php?rest_route=%2Fwp%2Fv2%2Ftags&post=172824"}],"curies":[{"name":"wp","href":"https:\/\/api.w.org\/{rel}","templated":true}]}}