{"id":172821,"date":"2020-11-11T17:45:38","date_gmt":"2020-11-11T20:45:38","guid":{"rendered":"https:\/\/diarioregionaldigital.com.br\/?p=172821"},"modified":"2020-11-11T17:45:38","modified_gmt":"2020-11-11T20:45:38","slug":"procult-divulga-resultado-do-premio-janelas-abertas","status":"publish","type":"post","link":"https:\/\/diarioregionaldigital.com.br\/?p=172821","title":{"rendered":"Procult divulga resultado do Pr\u00eamio Janelas Abertas"},"content":{"rendered":"<p>A Comiss\u00e3o Organizadora e Julgadora do Pr\u00eamio Janelas Abertas divulgou o resultado da sele\u00e7\u00e3o, com a indica\u00e7\u00e3o dos 150 projetos de conte\u00fados digitais que receber\u00e3o incentivo financeiro pela distribui\u00e7\u00e3o de R$ 105 mil em pr\u00eamios no total. O resultado, que pode ser conferido no\u00a0<a href=\"http:\/\/premiojanelasabertas.com.br\/\" target=\"_blank\" rel=\"noopener noreferrer\">site do concurso<\/a>, apresenta a classifica\u00e7\u00e3o dos inscritos por ordem de pontua\u00e7\u00e3o e faixas de pr\u00eamios: \u00a0Faixa 1, com 50 pr\u00eamios no valor de R$ 1 mil; Faixa 2, com 50 pr\u00eamios de R$ 700 ; e Faixa 3, com 50 pr\u00eamios de R$ 400.<\/p>\n<p>Ao todo, 252 inscri\u00e7\u00f5es v\u00e1lidas foram analisadas pela Comiss\u00e3o Julgadora, n\u00famero considerado representativo pela Pr\u00f3-reitoria de Cultura (Procult) da Universidade Federal de Juiz de Fora (UFJF), organizadora do Janelas Abertas. A iniciativa visa proporcionar oportunidades para o campo da produ\u00e7\u00e3o art\u00edstica afetado pela pandemia. Todos os segmentos abrangidos pelo Edital foram contemplados com aprova\u00e7\u00e3o de propostas: M\u00fasica (42), Cinema e V\u00eddeo (33), Artes C\u00eanicas (23), Artes Visuais (21), Projetos Experimentais (14), Patrim\u00f4nio Cultural e Mem\u00f3ria (sete), Educa\u00e7\u00e3o (seis) e Literatura (quatro).<\/p>\n<p>Os projetos foram avaliados pelos crit\u00e9rios de originalidade, expressividade e atualidade; relev\u00e2ncia art\u00edstico-cultural e\/ou hist\u00f3rica; extens\u00e3o e alcance social; clareza e objetividade; adequa\u00e7\u00e3o t\u00e9cnica e exequibilidade de exibi\u00e7\u00e3o. Dentre os projetos selecionados, encontram-se conte\u00fados j\u00e1 produzidos (68 projetos) e a produzir (82), categorias com prazos diferenciados para entrega do material final.<\/p>\n<p>Proponentes inscritos e n\u00e3o contemplados t\u00eam prazo a partir desta quinta-feira, 12, at\u00e9 a pr\u00f3xima quarta, 18, para apresenta\u00e7\u00e3o de recursos. O resultado final ser\u00e1 divulgado no dia 25 de novembro. As produ\u00e7\u00f5es art\u00edstico-culturais resultantes do Pr\u00eamio poder\u00e3o ser conhecidas a partir de 8 de dezembro deste ano, quando come\u00e7ar\u00e3o a ser exibidas virtualmente.<\/p>\n<p>Na avalia\u00e7\u00e3o da pr\u00f3-reitora de Cultura, Val\u00e9ria Faria, a iniciativa j\u00e1 atingiu o seu principal objetivo: ser um incentivo para artistas e produtores culturais no contexto atual, em que esse campo de atividades vem sendo um dos mais penalizados com as restri\u00e7\u00f5es impostas para o controle da pandemia. \u201cDesde o in\u00edcio da crise, percebemos imediatamente que era preciso fazer alguma coisa para ajudar, intervir no sentido de estimular esse segmento. A economia criativa \u00e9 um setor importante, reconhecido tanto por seu valor intr\u00ednseco, cultural, quanto por criar empregos e movimentar v\u00e1rios outros segmentos da economia.\u201d<\/p>\n<p>Confira o resultado da sele\u00e7\u00e3o em\u00a0<a href=\"http:\/\/www.premiojanelasabertas.com.br\/\">www.premiojanelasabertas.com.br.<\/a><\/p>\n<p><strong>Fonte:\u00a0<\/strong>Assessoria<\/p>\n","protected":false},"excerpt":{"rendered":"<p>A Comiss\u00e3o Organizadora e Julgadora do Pr\u00eamio Janelas Abertas divulgou o resultado da sele\u00e7\u00e3o, com a indica\u00e7\u00e3o dos 150 projetos de conte\u00fados digitais que receber\u00e3o incentivo financeiro pela distribui\u00e7\u00e3o de R$ 105 mil em pr\u00eamios no total. O resultado, que pode ser conferido no\u00a0site do concurso, apresenta a classifica\u00e7\u00e3o dos inscritos por ordem de pontua\u00e7\u00e3o [&hellip;]<\/p>\n","protected":false},"author":96,"featured_media":172822,"comment_status":"closed","ping_status":"closed","sticky":false,"template":"","format":"standard","meta":{"footnotes":""},"categories":[256,436,262,439],"tags":[],"class_list":["post-172821","post","type-post","status-publish","format-standard","has-post-thumbnail","hentry","category-cultura","category-destaque-da-semana","category-noticias","category-ultima-hora"],"_links":{"self":[{"href":"https:\/\/diarioregionaldigital.com.br\/index.php?rest_route=\/wp\/v2\/posts\/172821","targetHints":{"allow":["GET"]}}],"collection":[{"href":"https:\/\/diarioregionaldigital.com.br\/index.php?rest_route=\/wp\/v2\/posts"}],"about":[{"href":"https:\/\/diarioregionaldigital.com.br\/index.php?rest_route=\/wp\/v2\/types\/post"}],"author":[{"embeddable":true,"href":"https:\/\/diarioregionaldigital.com.br\/index.php?rest_route=\/wp\/v2\/users\/96"}],"replies":[{"embeddable":true,"href":"https:\/\/diarioregionaldigital.com.br\/index.php?rest_route=%2Fwp%2Fv2%2Fcomments&post=172821"}],"version-history":[{"count":0,"href":"https:\/\/diarioregionaldigital.com.br\/index.php?rest_route=\/wp\/v2\/posts\/172821\/revisions"}],"wp:featuredmedia":[{"embeddable":true,"href":"https:\/\/diarioregionaldigital.com.br\/index.php?rest_route=\/wp\/v2\/media\/172822"}],"wp:attachment":[{"href":"https:\/\/diarioregionaldigital.com.br\/index.php?rest_route=%2Fwp%2Fv2%2Fmedia&parent=172821"}],"wp:term":[{"taxonomy":"category","embeddable":true,"href":"https:\/\/diarioregionaldigital.com.br\/index.php?rest_route=%2Fwp%2Fv2%2Fcategories&post=172821"},{"taxonomy":"post_tag","embeddable":true,"href":"https:\/\/diarioregionaldigital.com.br\/index.php?rest_route=%2Fwp%2Fv2%2Ftags&post=172821"}],"curies":[{"name":"wp","href":"https:\/\/api.w.org\/{rel}","templated":true}]}}