{"id":172818,"date":"2020-11-11T17:42:41","date_gmt":"2020-11-11T20:42:41","guid":{"rendered":"https:\/\/diarioregionaldigital.com.br\/?p=172818"},"modified":"2020-11-11T17:42:41","modified_gmt":"2020-11-11T20:42:41","slug":"mais-duas-macrorregioes-de-saude-avancam-para-a-onda-verde-do-minas-consciente","status":"publish","type":"post","link":"https:\/\/diarioregionaldigital.com.br\/?p=172818","title":{"rendered":"Mais duas macrorregi\u00f5es de Sa\u00fade avan\u00e7am para a onda verde do Minas Consciente"},"content":{"rendered":"<p>Doze das 14 macrorregi\u00f5es de Sa\u00fade mineiras est\u00e3o na onda verde do\u00a0<a href=\"http:\/\/www.mg.gov.br\/minasconsciente\" target=\"_blank\" rel=\"noopener noreferrer\">Minas Consciente<\/a>, plano elaborado pelo\u00a0<a href=\"http:\/\/www.mg.gov.br\/\" target=\"_blank\" rel=\"noopener noreferrer\">Governo de Minas<\/a>\u00a0para garantir a retomada gradual e segura da economia nos munic\u00edpios. A redu\u00e7\u00e3o de 24% da incid\u00eancia da covid-19 nos \u00faltimos 14 dias no estado contribuiu para esse cen\u00e1rio.<\/p>\n<p>O n\u00famero foi atingido ap\u00f3s as regi\u00f5es\u00a0<a href=\"http:\/\/www.agenciaminas.mg.gov.br\/ckeditor_assets\/attachments\/8147\/12_-_regional_triangulo_norte.pdf\" target=\"_blank\" rel=\"noopener noreferrer\">Tri\u00e2ngulo do Norte<\/a>\u00a0e\u00a0<a href=\"http:\/\/www.agenciaminas.mg.gov.br\/ckeditor_assets\/attachments\/8140\/05_-_regional_leste_do_sul.pdf\" target=\"_blank\" rel=\"noopener noreferrer\">Leste do Sul<\/a>\u00a0avan\u00e7arem para a fase do plano onde mais atividades s\u00e3o permitidas, conforme decis\u00e3o tomada pelo Comit\u00ea Extraordin\u00e1rio Covid-19, nesta quarta-feira (11\/11). A onda verde possibilita, por exemplo, a reabertura de parques, cinemas e museus, desde que as regras sanit\u00e1rias e de distanciamento sejam seguidas.<\/p>\n<p><strong>Cautela<\/strong><\/p>\n<p>O governador Romeu Zema disse que os esfor\u00e7os para conter a pandemia possibilitaram este avan\u00e7o de mais duas macrorregi\u00f5es para a onda verde.<\/p>\n<p>\u201cMinas \u00e9 o estado com a menor taxa de \u00f3bitos por 100 mil habitantes. Mas a batalha ainda n\u00e3o terminou. Temos que continuar usando mascar\u00e1 e tomando todas as medidas preventivas, porque o v\u00edrus continua entre n\u00f3s e, infelizmente, fazendo v\u00edtimas\u201d, alertou.<\/p>\n<p>De acordo com o comit\u00ea, a macrorregi\u00e3o Sudeste se manteve na onda verde, mas apresentou \u00edndices que demostram uma piora na situa\u00e7\u00e3o epidemiol\u00f3gica, o que exigir\u00e1 uma avalia\u00e7\u00e3o criteriosa nos pr\u00f3ximos dias.<\/p>\n<p><strong>Balan\u00e7o<\/strong><\/p>\n<p>At\u00e9 o momento, 657 cidades mineiras aderiram ao plano Minas Consciente, impactando 13,4 milh\u00f5es de pessoas. Neste contexto, 541 cidades do estado com menos de 30 mil habitantes registraram incid\u00eancia da covid-19 abaixo de 50 casos por 100 mil habitantes nos \u00faltimos 14 dias.<\/p>\n<p><strong>Fonte:\u00a0<\/strong>Ag\u00eancia Minas<\/p>\n","protected":false},"excerpt":{"rendered":"<p>Doze das 14 macrorregi\u00f5es de Sa\u00fade mineiras est\u00e3o na onda verde do\u00a0Minas Consciente, plano elaborado pelo\u00a0Governo de Minas\u00a0para garantir a retomada gradual e segura da economia nos munic\u00edpios. A redu\u00e7\u00e3o de 24% da incid\u00eancia da covid-19 nos \u00faltimos 14 dias no estado contribuiu para esse cen\u00e1rio. O n\u00famero foi atingido ap\u00f3s as regi\u00f5es\u00a0Tri\u00e2ngulo do Norte\u00a0e\u00a0Leste [&hellip;]<\/p>\n","protected":false},"author":96,"featured_media":172819,"comment_status":"closed","ping_status":"closed","sticky":false,"template":"","format":"standard","meta":{"footnotes":""},"categories":[436,261,439],"tags":[],"class_list":["post-172818","post","type-post","status-publish","format-standard","has-post-thumbnail","hentry","category-destaque-da-semana","category-economia","category-ultima-hora"],"_links":{"self":[{"href":"https:\/\/diarioregionaldigital.com.br\/index.php?rest_route=\/wp\/v2\/posts\/172818","targetHints":{"allow":["GET"]}}],"collection":[{"href":"https:\/\/diarioregionaldigital.com.br\/index.php?rest_route=\/wp\/v2\/posts"}],"about":[{"href":"https:\/\/diarioregionaldigital.com.br\/index.php?rest_route=\/wp\/v2\/types\/post"}],"author":[{"embeddable":true,"href":"https:\/\/diarioregionaldigital.com.br\/index.php?rest_route=\/wp\/v2\/users\/96"}],"replies":[{"embeddable":true,"href":"https:\/\/diarioregionaldigital.com.br\/index.php?rest_route=%2Fwp%2Fv2%2Fcomments&post=172818"}],"version-history":[{"count":0,"href":"https:\/\/diarioregionaldigital.com.br\/index.php?rest_route=\/wp\/v2\/posts\/172818\/revisions"}],"wp:featuredmedia":[{"embeddable":true,"href":"https:\/\/diarioregionaldigital.com.br\/index.php?rest_route=\/wp\/v2\/media\/172819"}],"wp:attachment":[{"href":"https:\/\/diarioregionaldigital.com.br\/index.php?rest_route=%2Fwp%2Fv2%2Fmedia&parent=172818"}],"wp:term":[{"taxonomy":"category","embeddable":true,"href":"https:\/\/diarioregionaldigital.com.br\/index.php?rest_route=%2Fwp%2Fv2%2Fcategories&post=172818"},{"taxonomy":"post_tag","embeddable":true,"href":"https:\/\/diarioregionaldigital.com.br\/index.php?rest_route=%2Fwp%2Fv2%2Ftags&post=172818"}],"curies":[{"name":"wp","href":"https:\/\/api.w.org\/{rel}","templated":true}]}}