{"id":172814,"date":"2020-11-11T17:35:49","date_gmt":"2020-11-11T20:35:49","guid":{"rendered":"https:\/\/diarioregionaldigital.com.br\/?p=172814"},"modified":"2020-11-11T17:35:49","modified_gmt":"2020-11-11T20:35:49","slug":"trabalhadores-e-administracao-da-empresa-gil-nao-chegam-a-acordo-em-nova-reuniao","status":"publish","type":"post","link":"https:\/\/diarioregionaldigital.com.br\/?p=172814","title":{"rendered":"Trabalhadores e administra\u00e7\u00e3o da empresa GIL n\u00e3o chegam a acordo em nova reuni\u00e3o"},"content":{"rendered":"<p><span style=\"font-weight: 400;\">Na noite de ter\u00e7a-feira (10), os funcion\u00e1rios e a administra\u00e7\u00e3o da empresa Via\u00e7\u00e3o Goretti Irm\u00e3os Ltda (GIL), se reuniram no Minist\u00e9rio P\u00fablico do Trabalho (MPT), para resolver a situa\u00e7\u00e3o da paralisa\u00e7\u00e3o de atividades pelo munic\u00edpio, por conta do n\u00e3o pagamento das parcelas de t\u00edquete-alimenta\u00e7\u00e3o, bem como na quita\u00e7\u00e3o dos sal\u00e1rios.<\/span><\/p>\n<p><span style=\"font-weight: 400;\">Entretanto, ambas as partes n\u00e3o chegaram a um acordo, segundo informa\u00e7\u00f5es do Sindicato dos Trabalhadores em Empresas de Transporte Coletivo Urbano (Sinttro-JF). Por conta disso, a frota de \u00f4nibus segue com 50% de disponibilidade, como determinado pelo Minist\u00e9rio P\u00fablico de Minas Gerais (MPMG) e da lei de greve. Al\u00e9m disso, uma nova audi\u00eancia foi marcada para esta sexta-feira (13).<\/span><\/p>\n<p><span style=\"font-weight: 400;\">Diante da situa\u00e7\u00e3o, a Prefeitura de Juiz de Fora (PJF) autorizou \u00e0s vans escolares de transportarem passageiros, como previsto em Decreto, no mesmo valor da tarifa de \u00f4nibus, R$ 3,75. Estes atendem \u00e0s \u00e1reas de circula\u00e7\u00e3o da GIL, que s\u00e3o os bairros das Regi\u00f5es Leste e Sudeste do munic\u00edpio.<\/span><\/p>\n<p><b>Reuni\u00f5es<\/b><\/p>\n<p><span style=\"font-weight: 400;\">No \u00faltimo dia 4 deste m\u00eas, os representantes das empresas que fazem parte do Transporte Coletivo Urbano (TCU), o Sinttro, a Prefeitura de Juiz de Fora (PJF) e Astransp, participaram de uma reuni\u00e3o no MPT, para resolver a situa\u00e7\u00e3o do pagamento do t\u00edquete-alimenta\u00e7\u00e3o e de outros benef\u00edcios.\u00a0<\/span><\/p>\n<p><span style=\"font-weight: 400;\">Naquela ocasi\u00e3o, a GIL alegou n\u00e3o ter condi\u00e7\u00f5es de pagar os sal\u00e1rios de seus funcion\u00e1rios e n\u00e3o tem previs\u00e3o para quitar os d\u00e9bitos, referentes ao m\u00eas de outubro. Por conta disso, foi marcada outra reuni\u00e3o para essa ter\u00e7a-feira, por\u00e9m nada foi resolvido.<\/span><\/p>\n<p><span style=\"font-weight: 400;\">Como citado anteriormente, foi marcada nova audi\u00eancia para esta sexta-feira e conforme a Settra, \u201ca reuni\u00e3o est\u00e1 sendo de negocia\u00e7\u00e3o e apresenta\u00e7\u00e3o do problema enfrentado pela GIL e que, \u00e0 princ\u00edpio, a pasta acompanha a situa\u00e7\u00e3o de perto&#8221;.<\/span><\/p>\n<p><b>Transfer\u00eancia das linhas pertencentes \u00e0 GIL<\/b><\/p>\n<p><span style=\"font-weight: 400;\">Um dos pontos defendidos pelo Sinttro, \u00e9 a transfer\u00eancia das linhas operadas pela GIL e tamb\u00e9m de seus funcion\u00e1rios, para as outras empresas que comp\u00f5em o sistema de transporte coletivo na cidade, como forma de resolu\u00e7\u00e3o da situa\u00e7\u00e3o trabalhista dos motoristas e cobradores da empresa.<\/span><\/p>\n<p><span style=\"font-weight: 400;\">Al\u00e9m disso, a Settra determinou no m\u00eas de outubro, a transfer\u00eancia das linhas da GIL para o Transporte Urbano S\u00e3o Miguel Ltda. (Tusmil), uma vez que as duas empresas pertencem ao Cons\u00f3rcio Manchester.<\/span><\/p>\n<p><span style=\"font-weight: 400;\">A determina\u00e7\u00e3o tem prazo de 30 dias de dura\u00e7\u00e3o e vence nesta quarta-feira (11).<\/span><\/p>\n<p><b>Paralisa\u00e7\u00e3o em agosto<\/b><\/p>\n<p><span style=\"font-weight: 400;\">No dia 18 de agosto, motoristas e cobradores de todas as empresas do Transporte Coletivo Urbano (TCU), entraram em greve, ap\u00f3s serem recusadas as propostas de redu\u00e7\u00e3o das cestas b\u00e1sicas e tamb\u00e9m do corte de 50% dos sal\u00e1rios.\u00a0<\/span><\/p>\n<p><span style=\"font-weight: 400;\">A categoria reivindicou tamb\u00e9m a manuten\u00e7\u00e3o de no m\u00ednimo, 70% da jornada de trabalho e dos sal\u00e1rios atuais, uma vez que as concession\u00e1rias teriam proposto corte de 50% das horas trabalhadas. Diante da situa\u00e7\u00e3o, a Prefeitura de Juiz de Fora (PJF) autorizou \u00e0s vans escolares de transportarem passageiros, como previsto em Decreto, no mesmo valor da tarifa de \u00f4nibus, R$ 3,75.\u00a0<\/span><\/p>\n<p><span style=\"font-weight: 400;\">A greve foi encerrada no dia 26 do mesmo m\u00eas, ap\u00f3s ambas as partes chegarem a um acordo e os trabalhadores do transporte coletivo concordaram com: redu\u00e7\u00e3o do ticket alimenta\u00e7\u00e3o em 10%, retirada de alguns itens da cesta b\u00e1sica, estes at\u00e9 junho de 2021. Redu\u00e7\u00e3o da jornada de trabalho para no m\u00ednimo 60%, suspens\u00e3o do abono de f\u00e9rias e gratifica\u00e7\u00e3o por antiguidade e programa\u00e7\u00e3o de discuss\u00e3o do \u00edndice de reajuste, estes para janeiro de 2021.<\/span><\/p>\n<p><b>Nova greve em setembro<\/b><\/p>\n<p><span style=\"font-weight: 400;\">No dia 15 de setembro, os motoristas e cobradores da GIL, paralisaram novamente suas atividades, desta vez por conta da suspens\u00e3o do pagamento do plano de sa\u00fade. Contudo, os ve\u00edculos voltaram a circular na manh\u00e3 seguinte.<\/span><\/p>\n<p><b>Funcion\u00e1rios paralisam atividades no final de outubro<\/b><\/p>\n<p><span style=\"font-weight: 400;\">No dia 30 do \u00faltimo m\u00eas, cerca de 600 trabalhadores da GIL, paralisaram suas atividades pelo munic\u00edpio,\u00a0 por conta do n\u00e3o pagamento de parcelas de t\u00edquete-alimenta\u00e7\u00e3o e tamb\u00e9m pelo n\u00e3o pagamento dos sal\u00e1rios.\u00a0<\/span><\/p>\n<p><span style=\"font-weight: 400;\">Foi feita uma proposta de parcelar o t\u00edquete, sendo que a primeira delas havia sido paga durante o m\u00eas passado. A outra metade seria quitada at\u00e9 o \u00faltimo dia 25, entretanto, os trabalhadores n\u00e3o aceitaram e manifestaram pelo pagamento integral do restante do t\u00edquete.<\/span><\/p>\n<p><b>Crise nas empresas de \u00f4nibus<\/b><\/p>\n<p><span style=\"font-weight: 400;\">Por conta da pandemia do novo Coronav\u00edrus, as empresas de \u00f4nibus do munic\u00edpio t\u00eam d\u00edvidas de R$ 7 milh\u00f5es desde o m\u00eas de mar\u00e7o, conforme a Astransp. Segundo informa\u00e7\u00f5es dos cons\u00f3rcios, desde outubro de 2019, o n\u00famero de passageiros pagantes ultrapassou a marca de 7 milh\u00f5es. J\u00e1 em mar\u00e7o e abril deste ano, o n\u00famero caiu para 4,9 e 2,2 milh\u00f5es respectivamente.<\/span><\/p>\n<p><span style=\"font-weight: 400;\">Diante disso, as empresas alegam que a queda de usu\u00e1rios nos \u00f4nibus gerou desequil\u00edbrio financeiro e no contrato de recess\u00e3o. Al\u00e9m disso, os representantes j\u00e1 se reuniram com a Prefeitura de Juiz de Fora, para negociar reequil\u00edbrio financeiro dos contratos de concess\u00e3o do transporte.<\/span><\/p>\n","protected":false},"excerpt":{"rendered":"<p>Na noite de ter\u00e7a-feira (10), os funcion\u00e1rios e a administra\u00e7\u00e3o da empresa Via\u00e7\u00e3o Goretti Irm\u00e3os Ltda (GIL), se reuniram no Minist\u00e9rio P\u00fablico do Trabalho (MPT), para resolver a situa\u00e7\u00e3o da paralisa\u00e7\u00e3o de atividades pelo munic\u00edpio, por conta do n\u00e3o pagamento das parcelas de t\u00edquete-alimenta\u00e7\u00e3o, bem como na quita\u00e7\u00e3o dos sal\u00e1rios. Entretanto, ambas as partes n\u00e3o [&hellip;]<\/p>\n","protected":false},"author":96,"featured_media":172815,"comment_status":"closed","ping_status":"closed","sticky":false,"template":"","format":"standard","meta":{"footnotes":""},"categories":[253,436,440,439],"tags":[],"class_list":["post-172814","post","type-post","status-publish","format-standard","has-post-thumbnail","hentry","category-cidade","category-destaque-da-semana","category-destaques-do-dia","category-ultima-hora"],"_links":{"self":[{"href":"https:\/\/diarioregionaldigital.com.br\/index.php?rest_route=\/wp\/v2\/posts\/172814","targetHints":{"allow":["GET"]}}],"collection":[{"href":"https:\/\/diarioregionaldigital.com.br\/index.php?rest_route=\/wp\/v2\/posts"}],"about":[{"href":"https:\/\/diarioregionaldigital.com.br\/index.php?rest_route=\/wp\/v2\/types\/post"}],"author":[{"embeddable":true,"href":"https:\/\/diarioregionaldigital.com.br\/index.php?rest_route=\/wp\/v2\/users\/96"}],"replies":[{"embeddable":true,"href":"https:\/\/diarioregionaldigital.com.br\/index.php?rest_route=%2Fwp%2Fv2%2Fcomments&post=172814"}],"version-history":[{"count":0,"href":"https:\/\/diarioregionaldigital.com.br\/index.php?rest_route=\/wp\/v2\/posts\/172814\/revisions"}],"wp:featuredmedia":[{"embeddable":true,"href":"https:\/\/diarioregionaldigital.com.br\/index.php?rest_route=\/wp\/v2\/media\/172815"}],"wp:attachment":[{"href":"https:\/\/diarioregionaldigital.com.br\/index.php?rest_route=%2Fwp%2Fv2%2Fmedia&parent=172814"}],"wp:term":[{"taxonomy":"category","embeddable":true,"href":"https:\/\/diarioregionaldigital.com.br\/index.php?rest_route=%2Fwp%2Fv2%2Fcategories&post=172814"},{"taxonomy":"post_tag","embeddable":true,"href":"https:\/\/diarioregionaldigital.com.br\/index.php?rest_route=%2Fwp%2Fv2%2Ftags&post=172814"}],"curies":[{"name":"wp","href":"https:\/\/api.w.org\/{rel}","templated":true}]}}