{"id":172811,"date":"2020-11-11T15:40:06","date_gmt":"2020-11-11T18:40:06","guid":{"rendered":"https:\/\/diarioregionaldigital.com.br\/?p=172811"},"modified":"2020-11-11T15:40:06","modified_gmt":"2020-11-11T18:40:06","slug":"ufjf-firma-parceria-com-nacoes-unidas-para-a-reducao-de-riscos-de-desastres","status":"publish","type":"post","link":"https:\/\/diarioregionaldigital.com.br\/?p=172811","title":{"rendered":"UFJF firma parceria com Na\u00e7\u00f5es Unidas para a redu\u00e7\u00e3o de riscos de desastres"},"content":{"rendered":"<p><span style=\"font-weight: 400;\">A Universidade Federal de Juiz de Fora (UFJF), por meio de diversas a\u00e7\u00f5es de pesquisa, ensino e extens\u00e3o, tornou-se a primeira universidade brasileira a firmar parceria com o Escrit\u00f3rio das Na\u00e7\u00f5es Unidas para a Redu\u00e7\u00e3o de Riscos de Desastres (UNDRR). O \u00f3rg\u00e3o interno da Organiza\u00e7\u00e3o das Na\u00e7\u00f5es Unidas (ONU) atua sob o conceito de cidades resilientes: aquelas capazes de resistir, de adaptar e de se recuperar de forma eficiente ap\u00f3s um desastre.<\/span><\/p>\n<p><span style=\"font-weight: 400;\">No \u00e2mbito da parceira, a UFJF desenvolve projetos de Extens\u00e3o, atrav\u00e9s do N\u00facleo de Engenharia P\u00fablica (NEP), do N\u00facleo de Atendimento Social da Faculdade de Engenharia (Nasfe) e do Projeto Aprender para Prevenir. Tamb\u00e9m integram o trabalho as atividades de pesquisa desenvolvidas nos projetos Estudo do aplicativo \u00c1lea na gest\u00e3o dos riscos ambientais; An\u00e1lise de sistemas e metodologias na gest\u00e3o integrada de riscos de desastres no contexto de cidades resilientes; Estudos estrat\u00e9gicos em Engenharia no desenvolvimento da Prote\u00e7\u00e3o e Defesa Civil e o curso de especializa\u00e7\u00e3o em Gest\u00e3o P\u00fablica em Prote\u00e7\u00e3o e Defesa Civil, como a\u00e7\u00e3o de Ensino.<\/span><\/p>\n<p><span style=\"font-weight: 400;\">A Institui\u00e7\u00e3o tem como responsabilidade atuar em programas de extens\u00e3o universit\u00e1ria gratuita, eventos voltados para a comunidade e capacita\u00e7\u00e3o de agentes p\u00fablicos para reduzir riscos de desastres e desenvolver resili\u00eancia nas comunidades. E tamb\u00e9m de construir parcerias entre autoridades locais, nacionais e disseminar o conhecimento cient\u00edfico e t\u00e9cnico da comunidade e dos gestores p\u00fablicos para melhorar o acesso a ferramentas, tecnologias, metodologias e oportunidades de desenvolvimento e melhoria da capacidade organizacional dos governos locais e atores sociais.<\/span><\/p>\n<p><span style=\"font-weight: 400;\">A ideia da parceria surgiu do entendimento da institui\u00e7\u00e3o em estar atenta aos problemas de toda a popula\u00e7\u00e3o. \u2018N\u00f3s n\u00e3o dominamos o meio ambiente, mas podemos gerenciar as pessoas para que elas n\u00e3o fiquem expostas e vulner\u00e1veis a eventos que fogem do nosso controle. Uma cidade boa para se viver n\u00e3o \u00e9 isenta dos riscos, mas aquela onde tanto o poder p\u00fablico quanto a popula\u00e7\u00e3o buscam se preparar para resistir a eventos adversos. Essa forma de agir e pensar \u00e9 chamada pela ONU de resili\u00eancia. Nosso objetivo com o projeto \u00e9 promover a prepara\u00e7\u00e3o para que um desastre de origem natural n\u00e3o necessariamente v\u00e1 prejudicar uma cidade\u201d, destaca o professor do Departamento de Transportes e Geotecnia e coordenador do Nasfe, <\/span><span style=\"font-weight: 400;\">Jor<\/span><span style=\"font-weight: 400;\">d<\/span><span style=\"font-weight: 400;\">a<\/span><span style=\"font-weight: 400;\">n <\/span><span style=\"font-weight: 400;\">H<\/span><span style=\"font-weight: 400;\">enrique de Souza<\/span><span style=\"font-weight: 400;\">.<\/span><\/p>\n<p><span style=\"font-weight: 400;\">Em busca de conscientizar e firmar parcerias a UFJF atua na Campanha Construindo Cidades Resilientes, atrav\u00e9s de a\u00e7\u00f5es de extens\u00e3o, pesquisa e ensino. Como resultado desse acordo, em janeiro deste ano, foi firmado por meio do Nasfe um conv\u00eanio com a Prefeitura de Juiz de Fora para a an\u00e1lise de risco e apoio \u00e0 ades\u00e3o a campanha das cidades resilientes.\u00a0<\/span><\/p>\n<p><span style=\"font-weight: 400;\">\u201cDesde 2014 est\u00e3o sendo desenvolvidos projetos de extens\u00e3o, em que s\u00e3o trabalhados a redu\u00e7\u00e3o do risco de desastre, o mapeamento de \u00e1rea de risco, a gest\u00e3o da \u00e1rea de prote\u00e7\u00e3o e a defesa civil. Temos uma parceria s\u00f3lida com o Corpo de Bombeiros e com a Defesa Civil. Buscamos agora trazer para o Brasil novos conhecimentos, novas metodologias e tecnologias para a redu\u00e7\u00e3o de riscos de desastres\u201d, explica Souza.<\/span><\/p>\n<p><span style=\"font-weight: 400;\">Atualmente, o grupo conta com a atua\u00e7\u00e3o de 13 professores, 14 graduandos e 15 militares do Corpo de Bombeiro de Juiz de Fora. Os trabalhos desenvolvidos t\u00eam potencial para impactar todo o pa\u00eds. \u201cA UFJF se coloca a frente de outras institui\u00e7\u00f5es para a preven\u00e7\u00e3o. Essa parceria \u00e9 um reconhecimento da import\u00e2ncia estrat\u00e9gica da nossa universidade para o benef\u00edcio da popula\u00e7\u00e3o. Apesar do trabalho de extens\u00e3o estar focado em 144 munic\u00edpios pr\u00f3ximos a Juiz de Fora, as a\u00e7\u00f5es beneficiam todo o Brasil. Como por exemplo os cursos oferecidos, que ultrapassam a regi\u00e3o em \u00e1reas de ades\u00e3o.\u201d<\/span><\/p>\n<p><strong>Fonte:<\/strong> Assessoria<\/p>\n","protected":false},"excerpt":{"rendered":"<p>A Universidade Federal de Juiz de Fora (UFJF), por meio de diversas a\u00e7\u00f5es de pesquisa, ensino e extens\u00e3o, tornou-se a primeira universidade brasileira a firmar parceria com o Escrit\u00f3rio das Na\u00e7\u00f5es Unidas para a Redu\u00e7\u00e3o de Riscos de Desastres (UNDRR). O \u00f3rg\u00e3o interno da Organiza\u00e7\u00e3o das Na\u00e7\u00f5es Unidas (ONU) atua sob o conceito de cidades [&hellip;]<\/p>\n","protected":false},"author":96,"featured_media":172812,"comment_status":"closed","ping_status":"closed","sticky":false,"template":"","format":"standard","meta":{"footnotes":""},"categories":[253,436,440,439],"tags":[],"class_list":["post-172811","post","type-post","status-publish","format-standard","has-post-thumbnail","hentry","category-cidade","category-destaque-da-semana","category-destaques-do-dia","category-ultima-hora"],"_links":{"self":[{"href":"https:\/\/diarioregionaldigital.com.br\/index.php?rest_route=\/wp\/v2\/posts\/172811","targetHints":{"allow":["GET"]}}],"collection":[{"href":"https:\/\/diarioregionaldigital.com.br\/index.php?rest_route=\/wp\/v2\/posts"}],"about":[{"href":"https:\/\/diarioregionaldigital.com.br\/index.php?rest_route=\/wp\/v2\/types\/post"}],"author":[{"embeddable":true,"href":"https:\/\/diarioregionaldigital.com.br\/index.php?rest_route=\/wp\/v2\/users\/96"}],"replies":[{"embeddable":true,"href":"https:\/\/diarioregionaldigital.com.br\/index.php?rest_route=%2Fwp%2Fv2%2Fcomments&post=172811"}],"version-history":[{"count":0,"href":"https:\/\/diarioregionaldigital.com.br\/index.php?rest_route=\/wp\/v2\/posts\/172811\/revisions"}],"wp:featuredmedia":[{"embeddable":true,"href":"https:\/\/diarioregionaldigital.com.br\/index.php?rest_route=\/wp\/v2\/media\/172812"}],"wp:attachment":[{"href":"https:\/\/diarioregionaldigital.com.br\/index.php?rest_route=%2Fwp%2Fv2%2Fmedia&parent=172811"}],"wp:term":[{"taxonomy":"category","embeddable":true,"href":"https:\/\/diarioregionaldigital.com.br\/index.php?rest_route=%2Fwp%2Fv2%2Fcategories&post=172811"},{"taxonomy":"post_tag","embeddable":true,"href":"https:\/\/diarioregionaldigital.com.br\/index.php?rest_route=%2Fwp%2Fv2%2Ftags&post=172811"}],"curies":[{"name":"wp","href":"https:\/\/api.w.org\/{rel}","templated":true}]}}