{"id":172802,"date":"2020-11-11T14:23:50","date_gmt":"2020-11-11T17:23:50","guid":{"rendered":"https:\/\/diarioregionaldigital.com.br\/?p=172802"},"modified":"2020-11-11T14:23:50","modified_gmt":"2020-11-11T17:23:50","slug":"settra-realiza-alteracoes-no-transito-para-as-eleicoes","status":"publish","type":"post","link":"https:\/\/diarioregionaldigital.com.br\/?p=172802","title":{"rendered":"Settra realiza altera\u00e7\u00f5es no tr\u00e2nsito para as elei\u00e7\u00f5es"},"content":{"rendered":"<p>Em virtude das elei\u00e7\u00f5es neste domingo, 15, a Secretaria de Transportes e Tr\u00e2nsito (Settra) da Prefeitura de Juiz de Fora (PJF) realiza, no final de semana, interven\u00e7\u00f5es no tr\u00e2nsito da regi\u00e3o do Bairro Santa Terezinha e no Centro. Tanto no s\u00e1bado, 14, quanto no domingo, 15, haver\u00e1 interdi\u00e7\u00e3o total na Rua Tenente Luiz Freitas, entre Avenida Rui Barbosa e Rua Jos\u00e9 Eutr\u00f3pio. Da meia-noite de s\u00e1bado \u00e0 meia-noite de domingo, a Rua Tenente Luiz Freitas ser\u00e1 interditada para uso exclusivo de ve\u00edculos a servi\u00e7o do Tribunal Regional Eleitoral (TRE).<\/p>\n<p>Das 6 horas \u00e0s 22 horas de s\u00e1bado, 14, o estacionamento na Rua Esp\u00edrito Santo, entre a Rua Santos Dumont e a Avenida Presidente Get\u00falio Vargas, ser\u00e1 exclusivo para ve\u00edculos a servi\u00e7o da Justi\u00e7a Eleitoral<\/p>\n<p>J\u00e1 na Avenida Presidente Itamar Franco (sentido Centro\/S\u00e3o Mateus), o trecho entre as ruas Cai\u00e7aras e Chanceler Oswaldo Aranha estar\u00e1 liberado para estacionamento de ve\u00edculos, a partir das 17 horas de domingo.<\/p>\n<p>A circula\u00e7\u00e3o dos ve\u00edculos a servi\u00e7o do TRE ser\u00e1 realizada na pista central da Avenida Rio Branco, a partir das 17 horas de s\u00e1bado. O controle do tr\u00e2nsito ser\u00e1 acompanhado por agentes da Settra e da Pol\u00edcia Militar. O acesso dos moradores \u00e0s garagens ser\u00e1 garantido.<\/p>\n<p><strong>Fonte:\u00a0<\/strong>Assessoria<\/p>\n","protected":false},"excerpt":{"rendered":"<p>Em virtude das elei\u00e7\u00f5es neste domingo, 15, a Secretaria de Transportes e Tr\u00e2nsito (Settra) da Prefeitura de Juiz de Fora (PJF) realiza, no final de semana, interven\u00e7\u00f5es no tr\u00e2nsito da regi\u00e3o do Bairro Santa Terezinha e no Centro. Tanto no s\u00e1bado, 14, quanto no domingo, 15, haver\u00e1 interdi\u00e7\u00e3o total na Rua Tenente Luiz Freitas, entre [&hellip;]<\/p>\n","protected":false},"author":96,"featured_media":172803,"comment_status":"closed","ping_status":"closed","sticky":false,"template":"","format":"standard","meta":{"footnotes":""},"categories":[253,436,439],"tags":[],"class_list":["post-172802","post","type-post","status-publish","format-standard","has-post-thumbnail","hentry","category-cidade","category-destaque-da-semana","category-ultima-hora"],"_links":{"self":[{"href":"https:\/\/diarioregionaldigital.com.br\/index.php?rest_route=\/wp\/v2\/posts\/172802","targetHints":{"allow":["GET"]}}],"collection":[{"href":"https:\/\/diarioregionaldigital.com.br\/index.php?rest_route=\/wp\/v2\/posts"}],"about":[{"href":"https:\/\/diarioregionaldigital.com.br\/index.php?rest_route=\/wp\/v2\/types\/post"}],"author":[{"embeddable":true,"href":"https:\/\/diarioregionaldigital.com.br\/index.php?rest_route=\/wp\/v2\/users\/96"}],"replies":[{"embeddable":true,"href":"https:\/\/diarioregionaldigital.com.br\/index.php?rest_route=%2Fwp%2Fv2%2Fcomments&post=172802"}],"version-history":[{"count":0,"href":"https:\/\/diarioregionaldigital.com.br\/index.php?rest_route=\/wp\/v2\/posts\/172802\/revisions"}],"wp:featuredmedia":[{"embeddable":true,"href":"https:\/\/diarioregionaldigital.com.br\/index.php?rest_route=\/wp\/v2\/media\/172803"}],"wp:attachment":[{"href":"https:\/\/diarioregionaldigital.com.br\/index.php?rest_route=%2Fwp%2Fv2%2Fmedia&parent=172802"}],"wp:term":[{"taxonomy":"category","embeddable":true,"href":"https:\/\/diarioregionaldigital.com.br\/index.php?rest_route=%2Fwp%2Fv2%2Fcategories&post=172802"},{"taxonomy":"post_tag","embeddable":true,"href":"https:\/\/diarioregionaldigital.com.br\/index.php?rest_route=%2Fwp%2Fv2%2Ftags&post=172802"}],"curies":[{"name":"wp","href":"https:\/\/api.w.org\/{rel}","templated":true}]}}