{"id":172783,"date":"2020-11-11T10:26:06","date_gmt":"2020-11-11T13:26:06","guid":{"rendered":"https:\/\/diarioregionaldigital.com.br\/?p=172783"},"modified":"2020-11-11T10:26:06","modified_gmt":"2020-11-11T13:26:06","slug":"eleicoes-2020-margarida-salomao-lidera-pesquisa-do-ibope","status":"publish","type":"post","link":"https:\/\/diarioregionaldigital.com.br\/?p=172783","title":{"rendered":"Elei\u00e7\u00f5es 2020: Margarida Salom\u00e3o lidera pesquisa do IBOPE"},"content":{"rendered":"<p><span style=\"font-weight: 400;\">No in\u00edcio da noite de ter\u00e7a-feira (10), o IBOPE divulgou a segunda pesquisa, referente \u00e0 corrida eleitoral para a Prefeitura de Juiz de Fora (PJF). A\u00a0 margem de erro \u00e9 de 4 pontos percentuais e foram ouvidas 525 pessoas, durante o per\u00edodo de 8 a 9 deste m\u00eas.\u00a0<\/span><\/p>\n<p><span style=\"font-weight: 400;\">Conforme o levantamento, a candidata Margarida Salom\u00e3o (PT), lidera com 32% das inten\u00e7\u00f5es de votos. Na \u00faltima pesquisa realizada em outubro, ela tinha 25% de men\u00e7\u00f5es pelos entrevistados.<\/span><\/p>\n<p><span style=\"font-weight: 400;\">Em segundo lugar aparece Wilson Rezato (PSB), com 21% das inten\u00e7\u00f5es. No \u00faltimo m\u00eas, o empres\u00e1rio chegou a liderar com 29%. Logo em seguida, est\u00e3o Delegada Sheila (PSL) e Ione (REPUBLICANOS) com 12% das men\u00e7\u00f5es, cada. Na compara\u00e7\u00e3o com a primeira pesquisa, a candidata do PSL se mant\u00e9m com o mesmo percentual, enquanto a republicana avan\u00e7a de 3% para 12%.\u00a0<\/span><\/p>\n<p><span style=\"font-weight: 400;\">Quanto ao restante dos participantes, os candidatos Aloizio Penido (PTC), Eduardo Lucas (DC), Fernando Elioterio (PCdoB), general Marco Fel\u00edcio (PRTB), Lorene Figueiredo (PSOL) e Marcos Ribeiro (Rede), possuem 1% de inten\u00e7\u00e3o de voto cada. J\u00e1 Victoria Mello (PSTU) n\u00e3o foi mencionada pelos entrevistados, assim como ocorreu em outubro.<\/span><\/p>\n<p><span style=\"font-weight: 400;\">Ainda conforme a pesquisa, 10% dos eleitores manifestaram desejo de votar em branco ou nulo. Al\u00e9m disso, 7% dos entrevistados n\u00e3o sabem ou n\u00e3o responderam.\u00a0<\/span><\/p>\n<p><b>Evolu\u00e7\u00e3o de cada candidato<\/b><\/p>\n<p><span style=\"font-weight: 400;\">Confira a compara\u00e7\u00e3o com o levantamento realizado em outubro, de cada candidato \u00e0 PJF:<\/span><\/p>\n<ul>\n<li style=\"font-weight: 400;\"><span style=\"font-weight: 400;\">Margarida Salom\u00e3o (PT): subiu de 25% para 32%;<\/span><\/li>\n<li style=\"font-weight: 400;\"><span style=\"font-weight: 400;\">Wilson Rezato (PSB): caiu de 29% para 21%;<\/span><\/li>\n<li style=\"font-weight: 400;\"><span style=\"font-weight: 400;\">Delegada Sheila (PSL): manteve os 12%;<\/span><\/li>\n<li style=\"font-weight: 400;\"><span style=\"font-weight: 400;\">Ione (Republicanos): subiu de 3% para 12%;<\/span><\/li>\n<li style=\"font-weight: 400;\"><span style=\"font-weight: 400;\">Eduardo Lucas (DC): manteve 1%;<\/span><\/li>\n<li style=\"font-weight: 400;\"><span style=\"font-weight: 400;\">Fernando Elioterio (PCdoB): manteve 1%;<\/span><\/li>\n<li style=\"font-weight: 400;\"><span style=\"font-weight: 400;\">Aloizio Penido (PTC): manteve 1%;<\/span><\/li>\n<li style=\"font-weight: 400;\"><span style=\"font-weight: 400;\">General Marco Felicio (PRTB): caiu de 2% para 1%;<\/span><\/li>\n<li style=\"font-weight: 400;\"><span style=\"font-weight: 400;\">Lorene Figueiredo (PSOL): subiu de 0% para 1%;<\/span><\/li>\n<li style=\"font-weight: 400;\"><span style=\"font-weight: 400;\">Marcos Ribeiro (REDE): de n\u00e3o citado para 1%;<\/span><\/li>\n<li style=\"font-weight: 400;\"><span style=\"font-weight: 400;\">Victoria Mello Vic (PSTU): n\u00e3o foi citada em nenhuma das pesquisas;<\/span><\/li>\n<li style=\"font-weight: 400;\"><span style=\"font-weight: 400;\">Branco\/Nulo: caiu de 20% para 10%;<\/span><\/li>\n<li style=\"font-weight: 400;\"><span style=\"font-weight: 400;\">N\u00e3o sabe\/N\u00e3o respondeu: foi de 6%para 7%<\/span><\/li>\n<\/ul>\n<p><b>Votos v\u00e1lidos<\/b><\/p>\n<p><span style=\"font-weight: 400;\">O percentual de votos v\u00e1lidos para cada candidato, corresponde \u00e0 propor\u00e7\u00e3o sobre o total de votos, exclu\u00eddos os votos brancos, nulos e indecisos. Para que um candidato seja eleito ainda no primeiro turno, \u00e9 preciso que obtenha mais de 50% dos votos v\u00e1lidos.\u00a0<\/span><\/p>\n<ul>\n<li style=\"font-weight: 400;\"><span style=\"font-weight: 400;\">Margarida Salom\u00e3o (PT): 38%;<\/span><\/li>\n<li style=\"font-weight: 400;\"><span style=\"font-weight: 400;\">Wilson Rezato (PSB): 26%;<\/span><\/li>\n<li style=\"font-weight: 400;\"><span style=\"font-weight: 400;\">Delegada Sheila (PSL): 14%;<\/span><\/li>\n<li style=\"font-weight: 400;\"><span style=\"font-weight: 400;\">Ione (Republicanos): 14%;<\/span><\/li>\n<li style=\"font-weight: 400;\"><span style=\"font-weight: 400;\">Eduardo Lucas (DC): 2%;<\/span><\/li>\n<li style=\"font-weight: 400;\"><span style=\"font-weight: 400;\">Fernando Elioterio (PCdoB): 1%;<\/span><\/li>\n<li style=\"font-weight: 400;\"><span style=\"font-weight: 400;\">Aloizio Penido (PTC): 1%;<\/span><\/li>\n<li style=\"font-weight: 400;\"><span style=\"font-weight: 400;\">General Marco Felicio (PRTB): 1%;<\/span><\/li>\n<li style=\"font-weight: 400;\"><span style=\"font-weight: 400;\">Lorene Figueiredo (PSOL): 1%;<\/span><\/li>\n<li style=\"font-weight: 400;\"><span style=\"font-weight: 400;\">Marcos Ribeiros (REDE): 1%;<\/span><\/li>\n<li style=\"font-weight: 400;\"><span style=\"font-weight: 400;\">Victoria Mello Vic (PSTU): 0%;<\/span><\/li>\n<\/ul>\n<p><b>\u00cdndices de rejei\u00e7\u00e3o<\/b><\/p>\n<p><span style=\"font-weight: 400;\">A pesquisa fez levantamento sobre em qual candidato, os eleitores n\u00e3o votariam:<\/span><\/p>\n<ul>\n<li style=\"font-weight: 400;\"><span style=\"font-weight: 400;\">Delegada Sheila (PSL): 47%;<\/span><\/li>\n<li style=\"font-weight: 400;\"><span style=\"font-weight: 400;\">Margarida Salom\u00e3o (PT): 33%;<\/span><\/li>\n<li style=\"font-weight: 400;\"><span style=\"font-weight: 400;\">Wilson Rezato (PSB): 26%;<\/span><\/li>\n<li style=\"font-weight: 400;\"><span style=\"font-weight: 400;\">General Marco Felicio (PRTB): 16%;<\/span><\/li>\n<li style=\"font-weight: 400;\"><span style=\"font-weight: 400;\">Victoria Mello Vic (PSTU): 12%;<\/span><\/li>\n<li style=\"font-weight: 400;\"><span style=\"font-weight: 400;\">Fernando Elioterio (PCdoB): 10%;<\/span><\/li>\n<li style=\"font-weight: 400;\"><span style=\"font-weight: 400;\">Aloizio Penido (PTC): 9%;<\/span><\/li>\n<li style=\"font-weight: 400;\"><span style=\"font-weight: 400;\">Eduardo Lucas (DC): 8%;<\/span><\/li>\n<li style=\"font-weight: 400;\"><span style=\"font-weight: 400;\">Ione (Republicanos): 7%;<\/span><\/li>\n<li style=\"font-weight: 400;\"><span style=\"font-weight: 400;\">Marcos Ribeiro (REDE): 7%;<\/span><\/li>\n<li style=\"font-weight: 400;\"><span style=\"font-weight: 400;\">Lorene Figueiredo (PSOL): 7%;<\/span><\/li>\n<li style=\"font-weight: 400;\"><span style=\"font-weight: 400;\">Poderia votar em todos: 2%;<\/span><\/li>\n<li style=\"font-weight: 400;\"><span style=\"font-weight: 400;\">N\u00e3o sabem ou preferem n\u00e3o opinar: 9%;<\/span><\/li>\n<\/ul>\n<p><b>Simula\u00e7\u00e3o de segundo turno<\/b><\/p>\n<p><span style=\"font-weight: 400;\">O IBOPE elaborou tamb\u00e9m uma simula\u00e7\u00e3o de poss\u00edvel segundo turno das elei\u00e7\u00f5es:<\/span><\/p>\n<ul>\n<li style=\"font-weight: 400;\"><span style=\"font-weight: 400;\">Margarida Salom\u00e3o 45% X 38% Wilson Rezato (branco\/ nulo: 14%; n\u00e3o sabem ou preferem n\u00e3o opinar: 2%);<\/span><\/li>\n<li style=\"font-weight: 400;\"><span style=\"font-weight: 400;\">Margarida Salom\u00e3o 47% X 32% Delegada Sheila (branco\/nulo: 18%; n\u00e3o sabem ou preferem n\u00e3o opinar: 3%);<\/span><\/li>\n<li style=\"font-weight: 400;\"><span style=\"font-weight: 400;\">Wilson Rezato 44% X 25% Delegada Sheila (branco\/ nulo: 27%; n\u00e3o sabem ou preferem n\u00e3o opinar: 5%);<\/span><\/li>\n<\/ul>\n<p>&nbsp;<\/p>\n<p>&nbsp;<\/p>\n","protected":false},"excerpt":{"rendered":"<p>No in\u00edcio da noite de ter\u00e7a-feira (10), o IBOPE divulgou a segunda pesquisa, referente \u00e0 corrida eleitoral para a Prefeitura de Juiz de Fora (PJF). A\u00a0 margem de erro \u00e9 de 4 pontos percentuais e foram ouvidas 525 pessoas, durante o per\u00edodo de 8 a 9 deste m\u00eas.\u00a0 Conforme o levantamento, a candidata Margarida Salom\u00e3o [&hellip;]<\/p>\n","protected":false},"author":96,"featured_media":172784,"comment_status":"closed","ping_status":"closed","sticky":false,"template":"","format":"standard","meta":{"footnotes":""},"categories":[436,440,254,439],"tags":[],"class_list":["post-172783","post","type-post","status-publish","format-standard","has-post-thumbnail","hentry","category-destaque-da-semana","category-destaques-do-dia","category-politica","category-ultima-hora"],"_links":{"self":[{"href":"https:\/\/diarioregionaldigital.com.br\/index.php?rest_route=\/wp\/v2\/posts\/172783","targetHints":{"allow":["GET"]}}],"collection":[{"href":"https:\/\/diarioregionaldigital.com.br\/index.php?rest_route=\/wp\/v2\/posts"}],"about":[{"href":"https:\/\/diarioregionaldigital.com.br\/index.php?rest_route=\/wp\/v2\/types\/post"}],"author":[{"embeddable":true,"href":"https:\/\/diarioregionaldigital.com.br\/index.php?rest_route=\/wp\/v2\/users\/96"}],"replies":[{"embeddable":true,"href":"https:\/\/diarioregionaldigital.com.br\/index.php?rest_route=%2Fwp%2Fv2%2Fcomments&post=172783"}],"version-history":[{"count":0,"href":"https:\/\/diarioregionaldigital.com.br\/index.php?rest_route=\/wp\/v2\/posts\/172783\/revisions"}],"wp:featuredmedia":[{"embeddable":true,"href":"https:\/\/diarioregionaldigital.com.br\/index.php?rest_route=\/wp\/v2\/media\/172784"}],"wp:attachment":[{"href":"https:\/\/diarioregionaldigital.com.br\/index.php?rest_route=%2Fwp%2Fv2%2Fmedia&parent=172783"}],"wp:term":[{"taxonomy":"category","embeddable":true,"href":"https:\/\/diarioregionaldigital.com.br\/index.php?rest_route=%2Fwp%2Fv2%2Fcategories&post=172783"},{"taxonomy":"post_tag","embeddable":true,"href":"https:\/\/diarioregionaldigital.com.br\/index.php?rest_route=%2Fwp%2Fv2%2Ftags&post=172783"}],"curies":[{"name":"wp","href":"https:\/\/api.w.org\/{rel}","templated":true}]}}