{"id":172778,"date":"2020-11-11T10:23:33","date_gmt":"2020-11-11T13:23:33","guid":{"rendered":"https:\/\/diarioregionaldigital.com.br\/?p=172778"},"modified":"2020-11-11T10:23:33","modified_gmt":"2020-11-11T13:23:33","slug":"minas-gerais-se-aproxima-da-marca-de-375-mil-casos-confirmados-por-coronavirus","status":"publish","type":"post","link":"https:\/\/diarioregionaldigital.com.br\/?p=172778","title":{"rendered":"Minas Gerais se aproxima da marca de 375 mil casos confirmados por Coronav\u00edrus"},"content":{"rendered":"<p>O novo<a href=\"https:\/\/www.saude.mg.gov.br\/images\/Boletim_Epidemiologico_11.11.2020_COVID-19.pdf\">\u00a0boletim epidemiol\u00f3gico<\/a> publicado nesta quarta-feira (11), pela Secretaria de Estado da Sa\u00fade de Minas Gerais (SES-MG), informa que nas \u00faltimas 24h, o estado registrou 2.169 novos casos da doen\u00e7a, totalizando 374.651 pessoas infectadas. Al\u00e9m disso, 345.674 pacientes est\u00e3o recuperados da doen\u00e7a, representando 92,2% dos casos.<\/p>\n<p>Quanto ao total de \u00f3bitos notificados, a SES-MG informa que os dados n\u00e3o foram atualizados, pois o SIVEP-Gripe, sistema utilizado pelo Minist\u00e9rio da Sa\u00fade, passa pro problemas t\u00e9cnicos.<\/p>\n","protected":false},"excerpt":{"rendered":"<p>O novo\u00a0boletim epidemiol\u00f3gico publicado nesta quarta-feira (11), pela Secretaria de Estado da Sa\u00fade de Minas Gerais (SES-MG), informa que nas \u00faltimas 24h, o estado registrou 2.169 novos casos da doen\u00e7a, totalizando 374.651 pessoas infectadas. Al\u00e9m disso, 345.674 pacientes est\u00e3o recuperados da doen\u00e7a, representando 92,2% dos casos. Quanto ao total de \u00f3bitos notificados, a SES-MG informa [&hellip;]<\/p>\n","protected":false},"author":96,"featured_media":172779,"comment_status":"closed","ping_status":"closed","sticky":false,"template":"","format":"standard","meta":{"footnotes":""},"categories":[436,440,252,439],"tags":[],"class_list":["post-172778","post","type-post","status-publish","format-standard","has-post-thumbnail","hentry","category-destaque-da-semana","category-destaques-do-dia","category-regiao","category-ultima-hora"],"_links":{"self":[{"href":"https:\/\/diarioregionaldigital.com.br\/index.php?rest_route=\/wp\/v2\/posts\/172778","targetHints":{"allow":["GET"]}}],"collection":[{"href":"https:\/\/diarioregionaldigital.com.br\/index.php?rest_route=\/wp\/v2\/posts"}],"about":[{"href":"https:\/\/diarioregionaldigital.com.br\/index.php?rest_route=\/wp\/v2\/types\/post"}],"author":[{"embeddable":true,"href":"https:\/\/diarioregionaldigital.com.br\/index.php?rest_route=\/wp\/v2\/users\/96"}],"replies":[{"embeddable":true,"href":"https:\/\/diarioregionaldigital.com.br\/index.php?rest_route=%2Fwp%2Fv2%2Fcomments&post=172778"}],"version-history":[{"count":0,"href":"https:\/\/diarioregionaldigital.com.br\/index.php?rest_route=\/wp\/v2\/posts\/172778\/revisions"}],"wp:featuredmedia":[{"embeddable":true,"href":"https:\/\/diarioregionaldigital.com.br\/index.php?rest_route=\/wp\/v2\/media\/172779"}],"wp:attachment":[{"href":"https:\/\/diarioregionaldigital.com.br\/index.php?rest_route=%2Fwp%2Fv2%2Fmedia&parent=172778"}],"wp:term":[{"taxonomy":"category","embeddable":true,"href":"https:\/\/diarioregionaldigital.com.br\/index.php?rest_route=%2Fwp%2Fv2%2Fcategories&post=172778"},{"taxonomy":"post_tag","embeddable":true,"href":"https:\/\/diarioregionaldigital.com.br\/index.php?rest_route=%2Fwp%2Fv2%2Ftags&post=172778"}],"curies":[{"name":"wp","href":"https:\/\/api.w.org\/{rel}","templated":true}]}}