{"id":172764,"date":"2020-11-11T08:56:39","date_gmt":"2020-11-11T11:56:39","guid":{"rendered":"https:\/\/diarioregionaldigital.com.br\/?p=172764"},"modified":"2020-11-11T08:56:39","modified_gmt":"2020-11-11T11:56:39","slug":"homem-assalta-estabelecimento-no-retiro","status":"publish","type":"post","link":"https:\/\/diarioregionaldigital.com.br\/?p=172764","title":{"rendered":"Homem assalta estabelecimento no Retiro"},"content":{"rendered":"<p>Na tarde de ter\u00e7a-feira (10), um homem de 32 anos, assaltou um estabelecimento localizado no Bairro Retiro (Regi\u00e3o Sudeste) em Juiz de Fora. De acordo com informa\u00e7\u00f5es do boletim de ocorr\u00eancia da Pol\u00edcia Militar (PM), uma das v\u00edtimas, mulher de 49 anos, relatou que o autor estava com posse de faca e este encostou o objeto no pesco\u00e7o de um idoso de 62 anos, exigindo dinheiro e pertences.<\/p>\n<p>A v\u00edtima revelou n\u00e3o ter nada e logo em seguida, o suspeito determinou que a mulher entregasse o dinheiro do caixa, totalizando R$134,00 e tamb\u00e9m seu telefone celular. Ap\u00f3s o ato, o indiv\u00edduo fugiu a p\u00e9 do local. Durante rastreamentos, a PM encontrou o autor e deu voz de pris\u00e3o em flagrante.<\/p>\n","protected":false},"excerpt":{"rendered":"<p>Na tarde de ter\u00e7a-feira (10), um homem de 32 anos, assaltou um estabelecimento localizado no Bairro Retiro (Regi\u00e3o Sudeste) em Juiz de Fora. De acordo com informa\u00e7\u00f5es do boletim de ocorr\u00eancia da Pol\u00edcia Militar (PM), uma das v\u00edtimas, mulher de 49 anos, relatou que o autor estava com posse de faca e este encostou o [&hellip;]<\/p>\n","protected":false},"author":96,"featured_media":172681,"comment_status":"closed","ping_status":"closed","sticky":false,"template":"","format":"standard","meta":{"footnotes":""},"categories":[301,436,439],"tags":[],"class_list":["post-172764","post","type-post","status-publish","format-standard","has-post-thumbnail","hentry","category-artigos-policiais","category-destaque-da-semana","category-ultima-hora"],"_links":{"self":[{"href":"https:\/\/diarioregionaldigital.com.br\/index.php?rest_route=\/wp\/v2\/posts\/172764","targetHints":{"allow":["GET"]}}],"collection":[{"href":"https:\/\/diarioregionaldigital.com.br\/index.php?rest_route=\/wp\/v2\/posts"}],"about":[{"href":"https:\/\/diarioregionaldigital.com.br\/index.php?rest_route=\/wp\/v2\/types\/post"}],"author":[{"embeddable":true,"href":"https:\/\/diarioregionaldigital.com.br\/index.php?rest_route=\/wp\/v2\/users\/96"}],"replies":[{"embeddable":true,"href":"https:\/\/diarioregionaldigital.com.br\/index.php?rest_route=%2Fwp%2Fv2%2Fcomments&post=172764"}],"version-history":[{"count":0,"href":"https:\/\/diarioregionaldigital.com.br\/index.php?rest_route=\/wp\/v2\/posts\/172764\/revisions"}],"wp:featuredmedia":[{"embeddable":true,"href":"https:\/\/diarioregionaldigital.com.br\/index.php?rest_route=\/wp\/v2\/media\/172681"}],"wp:attachment":[{"href":"https:\/\/diarioregionaldigital.com.br\/index.php?rest_route=%2Fwp%2Fv2%2Fmedia&parent=172764"}],"wp:term":[{"taxonomy":"category","embeddable":true,"href":"https:\/\/diarioregionaldigital.com.br\/index.php?rest_route=%2Fwp%2Fv2%2Fcategories&post=172764"},{"taxonomy":"post_tag","embeddable":true,"href":"https:\/\/diarioregionaldigital.com.br\/index.php?rest_route=%2Fwp%2Fv2%2Ftags&post=172764"}],"curies":[{"name":"wp","href":"https:\/\/api.w.org\/{rel}","templated":true}]}}