{"id":172751,"date":"2020-11-11T06:00:04","date_gmt":"2020-11-11T09:00:04","guid":{"rendered":"https:\/\/diarioregionaldigital.com.br\/?p=172751"},"modified":"2020-11-11T02:47:56","modified_gmt":"2020-11-11T05:47:56","slug":"cultura-4","status":"publish","type":"post","link":"https:\/\/diarioregionaldigital.com.br\/?p=172751","title":{"rendered":"Cultura"},"content":{"rendered":"<p style=\"text-align: center;\"><strong>Cultura<\/strong><\/p>\n<p style=\"text-align: center;\">Jornalista Rodrigo Fonseca Barbosa do grupo de pesquisa Resson\u00e2ncias: m\u00fasica, m\u00eddia, literatura, demonstra entusiasmo com a realiza\u00e7\u00e3o do semin\u00e1rio \u201cEscuta aqui: quest\u00f5es sobre m\u00fasica, mercado e cultura hoje\u201d. Haver\u00e1 novas audi\u00e7\u00f5es dias 10 e 17 de novembro, onde s\u00e3o debatidas quest\u00f5es sobre m\u00fasica, mercado e cultura em Juiz de Fora.<\/p>\n<p style=\"text-align: center;\"><strong>Gorjeios<\/strong><\/p>\n<p style=\"text-align: center;\">Sempre destaque na m\u00eddia, Dubdogs, projeto formado pelos g\u00eameos DJ\u2019s Marcos e Lucas Schmidt lan\u00e7ou a m\u00fasica \u201cCookie Dough\u201d pela gravadora holandesa Spinnin Records. A track mescla um super senso de humor com o nome do famoso sorvete da Bem &amp; Jerry<\/p>\n<p style=\"text-align: center;\"><strong>Natal<\/strong><\/p>\n<p style=\"text-align: center;\">O brasileiro aposta para o Natal em itens mais baratos para ter uma ceia farta e presentes. Ap\u00f3s o ano dif\u00edcil de pandemia as fam\u00edlias buscam um alento nas festas e presentes sob a \u00e1rvore ser\u00e3o desafios para as classes C e D em meio ao aux\u00edlio emergencial reduzido a metade, desemprego recorde e d\u00f3lar alto, que fez saltar o pre\u00e7o dos alimentos.<\/p>\n<p style=\"text-align: center;\"><strong>Up:<\/strong> Novembro \u00e9 m\u00eas bom para: n\u00e3o pensar em planetas regentes e seguir em frente feliz deixando que Marte e V\u00eanus se estranhem para l\u00e1.<\/p>\n<div id=\"attachment_172741\" style=\"width: 690px\" class=\"wp-caption aligncenter\"><img loading=\"lazy\" decoding=\"async\" aria-describedby=\"caption-attachment-172741\" class=\"wp-image-172741\" src=\"https:\/\/diarioregionaldigital.com.br\/wp-content\/uploads\/2020\/11\/fotoa-6-e1605072634539.jpg\" alt=\"\" width=\"680\" height=\"519\" srcset=\"https:\/\/diarioregionaldigital.com.br\/wp-content\/uploads\/2020\/11\/fotoa-6-e1605072634539.jpg 540w, https:\/\/diarioregionaldigital.com.br\/wp-content\/uploads\/2020\/11\/fotoa-6-e1605072634539-300x229.jpg 300w, https:\/\/diarioregionaldigital.com.br\/wp-content\/uploads\/2020\/11\/fotoa-6-e1605072634539-360x275.jpg 360w\" sizes=\"auto, (max-width: 680px) 100vw, 680px\" \/><p id=\"caption-attachment-172741\" class=\"wp-caption-text\">Kelen Linhares, bonita e elegante faz um brinde aos leitores desta coluna social<\/p><\/div>\n<div id=\"attachment_172742\" style=\"width: 690px\" class=\"wp-caption aligncenter\"><img loading=\"lazy\" decoding=\"async\" aria-describedby=\"caption-attachment-172742\" class=\"wp-image-172742\" src=\"https:\/\/diarioregionaldigital.com.br\/wp-content\/uploads\/2020\/11\/fotoaa-2-e1605072887459.jpeg\" alt=\"\" width=\"680\" height=\"522\" srcset=\"https:\/\/diarioregionaldigital.com.br\/wp-content\/uploads\/2020\/11\/fotoaa-2-e1605072887459.jpeg 720w, https:\/\/diarioregionaldigital.com.br\/wp-content\/uploads\/2020\/11\/fotoaa-2-e1605072887459-300x230.jpeg 300w, https:\/\/diarioregionaldigital.com.br\/wp-content\/uploads\/2020\/11\/fotoaa-2-e1605072887459-360x277.jpeg 360w\" sizes=\"auto, (max-width: 680px) 100vw, 680px\" \/><p id=\"caption-attachment-172742\" class=\"wp-caption-text\">Aniversariando hoje (11) o modelo e fot\u00f3grafo bonit\u00e3o Vagner Maia, em foto de Valdir J\u00fanior<\/p><\/div>\n<div id=\"attachment_172743\" style=\"width: 690px\" class=\"wp-caption aligncenter\"><img loading=\"lazy\" decoding=\"async\" aria-describedby=\"caption-attachment-172743\" class=\"wp-image-172743\" src=\"https:\/\/diarioregionaldigital.com.br\/wp-content\/uploads\/2020\/11\/fotob-4-e1605072922747.jpg\" alt=\"\" width=\"680\" height=\"479\" srcset=\"https:\/\/diarioregionaldigital.com.br\/wp-content\/uploads\/2020\/11\/fotob-4-e1605072922747.jpg 905w, https:\/\/diarioregionaldigital.com.br\/wp-content\/uploads\/2020\/11\/fotob-4-e1605072922747-300x210.jpg 300w, https:\/\/diarioregionaldigital.com.br\/wp-content\/uploads\/2020\/11\/fotob-4-e1605072922747-768x541.jpg 768w, https:\/\/diarioregionaldigital.com.br\/wp-content\/uploads\/2020\/11\/fotob-4-e1605072922747-360x253.jpg 360w, https:\/\/diarioregionaldigital.com.br\/wp-content\/uploads\/2020\/11\/fotob-4-e1605072922747-100x70.jpg 100w\" sizes=\"auto, (max-width: 680px) 100vw, 680px\" \/><p id=\"caption-attachment-172743\" class=\"wp-caption-text\">A concentra\u00e7\u00e3o do fot\u00f3grafo Jonhny Pio em cena para Miss e Mr. Juiz de Fora 2020<\/p><\/div>\n<div id=\"attachment_172744\" style=\"width: 690px\" class=\"wp-caption aligncenter\"><img loading=\"lazy\" decoding=\"async\" aria-describedby=\"caption-attachment-172744\" class=\"wp-image-172744\" src=\"https:\/\/diarioregionaldigital.com.br\/wp-content\/uploads\/2020\/11\/fotoc-5-e1605072953728.jpg\" alt=\"\" width=\"680\" height=\"479\" srcset=\"https:\/\/diarioregionaldigital.com.br\/wp-content\/uploads\/2020\/11\/fotoc-5-e1605072953728.jpg 1342w, https:\/\/diarioregionaldigital.com.br\/wp-content\/uploads\/2020\/11\/fotoc-5-e1605072953728-300x210.jpg 300w, https:\/\/diarioregionaldigital.com.br\/wp-content\/uploads\/2020\/11\/fotoc-5-e1605072953728-1024x721.jpg 1024w, https:\/\/diarioregionaldigital.com.br\/wp-content\/uploads\/2020\/11\/fotoc-5-e1605072953728-768x541.jpg 768w, https:\/\/diarioregionaldigital.com.br\/wp-content\/uploads\/2020\/11\/fotoc-5-e1605072953728-360x254.jpg 360w, https:\/\/diarioregionaldigital.com.br\/wp-content\/uploads\/2020\/11\/fotoc-5-e1605072953728-100x70.jpg 100w\" sizes=\"auto, (max-width: 680px) 100vw, 680px\" \/><p id=\"caption-attachment-172744\" class=\"wp-caption-text\">Sucesso absoluto na Europa, o Dj juiz-forano Matheus Zulato<\/p><\/div>\n<div id=\"attachment_172745\" style=\"width: 690px\" class=\"wp-caption aligncenter\"><img loading=\"lazy\" decoding=\"async\" aria-describedby=\"caption-attachment-172745\" class=\"wp-image-172745\" src=\"https:\/\/diarioregionaldigital.com.br\/wp-content\/uploads\/2020\/11\/fotod-5-e1605073039837.jpg\" alt=\"\" width=\"680\" height=\"504\" srcset=\"https:\/\/diarioregionaldigital.com.br\/wp-content\/uploads\/2020\/11\/fotod-5-e1605073039837.jpg 713w, https:\/\/diarioregionaldigital.com.br\/wp-content\/uploads\/2020\/11\/fotod-5-e1605073039837-300x222.jpg 300w, https:\/\/diarioregionaldigital.com.br\/wp-content\/uploads\/2020\/11\/fotod-5-e1605073039837-360x267.jpg 360w\" sizes=\"auto, (max-width: 680px) 100vw, 680px\" \/><p id=\"caption-attachment-172745\" class=\"wp-caption-text\">Nelson J\u00fanior, botafoguense at\u00e9 morrer<\/p><\/div>\n<div id=\"attachment_172746\" style=\"width: 690px\" class=\"wp-caption aligncenter\"><img loading=\"lazy\" decoding=\"async\" aria-describedby=\"caption-attachment-172746\" class=\"wp-image-172746\" src=\"https:\/\/diarioregionaldigital.com.br\/wp-content\/uploads\/2020\/11\/fotoe-4-e1605073077564.jpg\" alt=\"\" width=\"680\" height=\"498\" srcset=\"https:\/\/diarioregionaldigital.com.br\/wp-content\/uploads\/2020\/11\/fotoe-4-e1605073077564.jpg 764w, https:\/\/diarioregionaldigital.com.br\/wp-content\/uploads\/2020\/11\/fotoe-4-e1605073077564-300x220.jpg 300w, https:\/\/diarioregionaldigital.com.br\/wp-content\/uploads\/2020\/11\/fotoe-4-e1605073077564-360x264.jpg 360w\" sizes=\"auto, (max-width: 680px) 100vw, 680px\" \/><p id=\"caption-attachment-172746\" class=\"wp-caption-text\">Na disputa pelo Mr. Juiz de Fora 2020, o bonit\u00e3o Igor Juliani<\/p><\/div>\n<div id=\"attachment_172747\" style=\"width: 690px\" class=\"wp-caption aligncenter\"><img loading=\"lazy\" decoding=\"async\" aria-describedby=\"caption-attachment-172747\" class=\"wp-image-172747\" src=\"https:\/\/diarioregionaldigital.com.br\/wp-content\/uploads\/2020\/11\/fotof-4-e1605073105636.jpg\" alt=\"\" width=\"680\" height=\"506\" srcset=\"https:\/\/diarioregionaldigital.com.br\/wp-content\/uploads\/2020\/11\/fotof-4-e1605073105636.jpg 768w, https:\/\/diarioregionaldigital.com.br\/wp-content\/uploads\/2020\/11\/fotof-4-e1605073105636-300x223.jpg 300w, https:\/\/diarioregionaldigital.com.br\/wp-content\/uploads\/2020\/11\/fotof-4-e1605073105636-360x268.jpg 360w\" sizes=\"auto, (max-width: 680px) 100vw, 680px\" \/><p id=\"caption-attachment-172747\" class=\"wp-caption-text\">Formando casal 20, os queridos Tamine Elmor e o cartunista Andr\u00e9 Ribeiro<\/p><\/div>\n<div id=\"attachment_172748\" style=\"width: 690px\" class=\"wp-caption aligncenter\"><img loading=\"lazy\" decoding=\"async\" aria-describedby=\"caption-attachment-172748\" class=\"wp-image-172748\" src=\"https:\/\/diarioregionaldigital.com.br\/wp-content\/uploads\/2020\/11\/fotog-5-e1605073131247.jpg\" alt=\"\" width=\"680\" height=\"503\" srcset=\"https:\/\/diarioregionaldigital.com.br\/wp-content\/uploads\/2020\/11\/fotog-5-e1605073131247.jpg 719w, https:\/\/diarioregionaldigital.com.br\/wp-content\/uploads\/2020\/11\/fotog-5-e1605073131247-300x222.jpg 300w, https:\/\/diarioregionaldigital.com.br\/wp-content\/uploads\/2020\/11\/fotog-5-e1605073131247-360x266.jpg 360w\" sizes=\"auto, (max-width: 680px) 100vw, 680px\" \/><p id=\"caption-attachment-172748\" class=\"wp-caption-text\">Visitando esta coluna social, C\u00e1ssio Fran\u00e7a com os filhos Bernardo e Eduardo<\/p><\/div>\n<div id=\"attachment_172749\" style=\"width: 690px\" class=\"wp-caption aligncenter\"><img loading=\"lazy\" decoding=\"async\" aria-describedby=\"caption-attachment-172749\" class=\"wp-image-172749\" src=\"https:\/\/diarioregionaldigital.com.br\/wp-content\/uploads\/2020\/11\/fotoh-3-e1605073157965.jpg\" alt=\"\" width=\"680\" height=\"505\" srcset=\"https:\/\/diarioregionaldigital.com.br\/wp-content\/uploads\/2020\/11\/fotoh-3-e1605073157965.jpg 717w, https:\/\/diarioregionaldigital.com.br\/wp-content\/uploads\/2020\/11\/fotoh-3-e1605073157965-300x223.jpg 300w, https:\/\/diarioregionaldigital.com.br\/wp-content\/uploads\/2020\/11\/fotoh-3-e1605073157965-360x267.jpg 360w\" sizes=\"auto, (max-width: 680px) 100vw, 680px\" \/><p id=\"caption-attachment-172749\" class=\"wp-caption-text\">Artistas pl\u00e1sticos de real valor, Pedro Guedes e Wesley Monteiro<\/p><\/div>\n<div id=\"attachment_172750\" style=\"width: 690px\" class=\"wp-caption aligncenter\"><img loading=\"lazy\" decoding=\"async\" aria-describedby=\"caption-attachment-172750\" class=\"wp-image-172750\" src=\"https:\/\/diarioregionaldigital.com.br\/wp-content\/uploads\/2020\/11\/fotoi-4-e1605073193836.jpg\" alt=\"\" width=\"680\" height=\"468\" srcset=\"https:\/\/diarioregionaldigital.com.br\/wp-content\/uploads\/2020\/11\/fotoi-4-e1605073193836.jpg 784w, https:\/\/diarioregionaldigital.com.br\/wp-content\/uploads\/2020\/11\/fotoi-4-e1605073193836-300x207.jpg 300w, https:\/\/diarioregionaldigital.com.br\/wp-content\/uploads\/2020\/11\/fotoi-4-e1605073193836-768x529.jpg 768w, https:\/\/diarioregionaldigital.com.br\/wp-content\/uploads\/2020\/11\/fotoi-4-e1605073193836-360x248.jpg 360w, https:\/\/diarioregionaldigital.com.br\/wp-content\/uploads\/2020\/11\/fotoi-4-e1605073193836-100x70.jpg 100w\" sizes=\"auto, (max-width: 680px) 100vw, 680px\" \/><p id=\"caption-attachment-172750\" class=\"wp-caption-text\">O alto astral de gente que acontece: Gustavo Eiterer, Cleunise Maria e Nonato Veiga<\/p><\/div>\n<p style=\"text-align: center;\"><strong>FOTOSS\u00cdNTESE<\/strong><\/p>\n<p>Aniversariando hoje (11), a elegante Suely Mageste e o m\u00e9dico ginecologista Luis Ot\u00e1vio Carello Malvacini.<\/p>\n<p>No feriad\u00e3o amigos queridos foram ver novas paisagens: Caio Penha (Trindade\/RJ), Lenilson Fonseca, Vinicius Ciribelli, Erika Beire, Mazuquiele Afonso Veras, Carlos Barbosa e Fabiano Garcia (Cabo Frio\/RJ).<\/p>\n<p>Em clima de montanha em Minas Gerais na semana que passou: Fred Alvim (Tr\u00eas Picos Salinas), Joel Melo e J\u00falia Machado (Santa B\u00e1rbara do Monte Verde).<\/p>\n<p>Circulando na Vin\u00edcula Casa Geraldo em Andradas (MG) a elegant\u00e9rrima Let\u00edcia Fortini.<br \/>\nA diva Sandra Portella, foi muito aplaudida na estreia do Pagode do Nadal, no Cantinho da Lapa (RJ).<\/p>\n<p>Antigo CES\/JF, a Uniacademia \u00e9 o novo nome da institui\u00e7\u00e3o que se reinventa e passa por mudan\u00e7as significativas com reconhecimento em ensino superior.<\/p>\n<p>Seguindo todos os protocolos este colunista formou mesa de 6 para discutir os rumos da cultura em Juiz de Fora. Por l\u00e1, Andreia Pereira e Armando J\u00fanior, Lidiane e L\u00edvinha Stambassi e Beto Souza. Foi no alto da Batista de Oliveira by Mageste Stambassi.<\/p>\n<p>Novo endere\u00e7o da Vaporetto ser\u00e1 a partir do dia 17, na parte alta da Benjamin Constant. Por mais de 30 anos funcionou na Bar\u00e3o de Cataguases.<\/p>\n<p>Foi inaugurado em grande estilo no Independ\u00eancia Shopping, a Outback Steakhouse.<\/p>\n<p>Bem a prop\u00f3sito: A morte n\u00e3o existe. S\u00f3 morremos quando outros nos esquecem. Portanto viva a vida \u00e9 uma festa. Bom dia.<\/p>\n<p><img loading=\"lazy\" decoding=\"async\" class=\"aligncenter size-full wp-image-172752\" src=\"https:\/\/diarioregionaldigital.com.br\/wp-content\/uploads\/2020\/11\/anuncio-65-scaled.jpg\" alt=\"\" width=\"2560\" height=\"970\" srcset=\"https:\/\/diarioregionaldigital.com.br\/wp-content\/uploads\/2020\/11\/anuncio-65-scaled.jpg 2560w, https:\/\/diarioregionaldigital.com.br\/wp-content\/uploads\/2020\/11\/anuncio-65-300x114.jpg 300w, https:\/\/diarioregionaldigital.com.br\/wp-content\/uploads\/2020\/11\/anuncio-65-1024x388.jpg 1024w, https:\/\/diarioregionaldigital.com.br\/wp-content\/uploads\/2020\/11\/anuncio-65-768x291.jpg 768w, https:\/\/diarioregionaldigital.com.br\/wp-content\/uploads\/2020\/11\/anuncio-65-1536x582.jpg 1536w, https:\/\/diarioregionaldigital.com.br\/wp-content\/uploads\/2020\/11\/anuncio-65-2048x776.jpg 2048w, https:\/\/diarioregionaldigital.com.br\/wp-content\/uploads\/2020\/11\/anuncio-65-360x136.jpg 360w\" sizes=\"auto, (max-width: 2560px) 100vw, 2560px\" \/><\/p>\n","protected":false},"excerpt":{"rendered":"<p>Cultura Jornalista Rodrigo Fonseca Barbosa do grupo de pesquisa Resson\u00e2ncias: m\u00fasica, m\u00eddia, literatura, demonstra entusiasmo com a realiza\u00e7\u00e3o do semin\u00e1rio \u201cEscuta aqui: quest\u00f5es sobre m\u00fasica, mercado e cultura hoje\u201d. Haver\u00e1 novas audi\u00e7\u00f5es dias 10 e 17 de novembro, onde s\u00e3o debatidas quest\u00f5es sobre m\u00fasica, mercado e cultura em Juiz de Fora. Gorjeios Sempre destaque na [&hellip;]<\/p>\n","protected":false},"author":96,"featured_media":172741,"comment_status":"closed","ping_status":"closed","sticky":false,"template":"","format":"standard","meta":{"footnotes":""},"categories":[264],"tags":[],"class_list":["post-172751","post","type-post","status-publish","format-standard","has-post-thumbnail","hentry","category-eduardo-gomes"],"_links":{"self":[{"href":"https:\/\/diarioregionaldigital.com.br\/index.php?rest_route=\/wp\/v2\/posts\/172751","targetHints":{"allow":["GET"]}}],"collection":[{"href":"https:\/\/diarioregionaldigital.com.br\/index.php?rest_route=\/wp\/v2\/posts"}],"about":[{"href":"https:\/\/diarioregionaldigital.com.br\/index.php?rest_route=\/wp\/v2\/types\/post"}],"author":[{"embeddable":true,"href":"https:\/\/diarioregionaldigital.com.br\/index.php?rest_route=\/wp\/v2\/users\/96"}],"replies":[{"embeddable":true,"href":"https:\/\/diarioregionaldigital.com.br\/index.php?rest_route=%2Fwp%2Fv2%2Fcomments&post=172751"}],"version-history":[{"count":0,"href":"https:\/\/diarioregionaldigital.com.br\/index.php?rest_route=\/wp\/v2\/posts\/172751\/revisions"}],"wp:featuredmedia":[{"embeddable":true,"href":"https:\/\/diarioregionaldigital.com.br\/index.php?rest_route=\/wp\/v2\/media\/172741"}],"wp:attachment":[{"href":"https:\/\/diarioregionaldigital.com.br\/index.php?rest_route=%2Fwp%2Fv2%2Fmedia&parent=172751"}],"wp:term":[{"taxonomy":"category","embeddable":true,"href":"https:\/\/diarioregionaldigital.com.br\/index.php?rest_route=%2Fwp%2Fv2%2Fcategories&post=172751"},{"taxonomy":"post_tag","embeddable":true,"href":"https:\/\/diarioregionaldigital.com.br\/index.php?rest_route=%2Fwp%2Fv2%2Ftags&post=172751"}],"curies":[{"name":"wp","href":"https:\/\/api.w.org\/{rel}","templated":true}]}}