{"id":172738,"date":"2020-11-10T19:47:03","date_gmt":"2020-11-10T22:47:03","guid":{"rendered":"https:\/\/diarioregionaldigital.com.br\/?p=172738"},"modified":"2020-11-10T19:47:03","modified_gmt":"2020-11-10T22:47:03","slug":"saude-promove-webnario-sobre-praticas-integrativas-e-complementares-no-sus","status":"publish","type":"post","link":"https:\/\/diarioregionaldigital.com.br\/?p=172738","title":{"rendered":"Sa\u00fade promove Webn\u00e1rio sobre Pr\u00e1ticas Integrativas e Complementares no SUS"},"content":{"rendered":"<div id=\"box_texto_noticia\">As plataformas digitais est\u00e3o sendo empregadas para capacita\u00e7\u00e3o dos profissionais de sa\u00fade, que est\u00e1 acontecendo mesmo em tempos de pandemia da covid-19. De 11 a 13 deste m\u00eas, das 14 \u00e0s 17 horas, a Subsecretaria de Aten\u00e7\u00e3o \u00e0 Sa\u00fade (Ssas) promove \u201cWebn\u00e1rio\u201d sobre Pr\u00e1ticas Integrativas e Complementares (PICs) no Sistema \u00danico de Sa\u00fade (SUS), com palestras ministradas por especialistas renomados de todo o pa\u00eds. O evento \u00e9 aberto, portanto, todos que se interessarem podem assistir \u00e0s discuss\u00f5es pelo youtube, atrav\u00e9s do\u00a0<a href=\"https:\/\/www.youtube.com\/channel\/UC4qyk0s_ifXEe2Su2cOujOw\">Canal PET Sa\u00fade Interprofissionalidades<\/a>, parceiro da Prefeitura na realiza\u00e7\u00e3o deste evento.<\/p>\n<p>A iniciativa busca divulgar princ\u00edpios preconizados pela Pol\u00edtica Nacional de Pr\u00e1ticas Integrativas e Complementares (PNPIC), debater os desafios e avan\u00e7os da sua implementa\u00e7\u00e3o e interfaces com a Rede de Aten\u00e7\u00e3o \u00e0 Sa\u00fade (Ras), reunindo experi\u00eancias de v\u00e1rios munic\u00edpios. O Webn\u00e1rio \u00e9 uma importante ferramenta para divulgar conhecimentos sobre essas pr\u00e1ticas, com \u00eanfase na Pol\u00edtica Municipal de Plantas Medicinais e Fitoter\u00e1picos, em fase de implanta\u00e7\u00e3o.<\/p>\n<p>Os debates, depois das palestras, ser\u00e3o abertos para seis perguntas em m\u00e9dia, formuladas atrav\u00e9s dos mediadores, com dez minutos para respostas. As perguntas postadas no chat ser\u00e3o compiladas pela organiza\u00e7\u00e3o do evento e encaminhadas aos palestrantes. Atuar\u00e3o como mediadores servidores do Servi\u00e7o de Pr\u00e1ticas Integrativas e Complementares da Secretaria de Sa\u00fade (SS) de Juiz de Fora e integrantes do grupo condutor para Desenvolvimento dos Projetos e A\u00e7\u00f5es com Utiliza\u00e7\u00e3o de Plantas Medicinais e Fitoter\u00e1picos na Subsecretaria de Aten\u00e7\u00e3o \u00e0 Sa\u00fade da SS. A abertura do Webn\u00e1rio ser\u00e1 feita pela subsecret\u00e1ria de Aten\u00e7\u00e3o \u00e0 Sa\u00fade, Maria Aparecida Martins Ba\u00eata Guimar\u00e3es, e o encerramento pela integrante do grupo condutor da Pol\u00edtica Municipal de Plantas Medicinais e Fitoter\u00e1pico, Luciana Afonso Rodrigues.<\/p>\n<p><b>Programa\u00e7\u00e3o<\/b><\/p>\n<p><i>11\/11<\/i><br \/>\nQuarta-feira<\/p>\n<p><b>Mesa<\/b><br \/>\nAs pr\u00e1ticas integrativas e complementares no SUS<\/p>\n<p><b>Tema<\/b><br \/>\n\u201cA hist\u00f3ria das PICs no SUS de Juiz de Fora &#8211; homeopatia, antroposofia, acupuntura, auriculoterapia, reiki na Rede de Aten\u00e7\u00e3o \u00e0 Sa\u00fade. Principais desafios e avan\u00e7os da PNPIC no munic\u00edpio.<\/p>\n<p>Karla Castro &#8211; Graduada em Farm\u00e1cia pela Universidade Federal de Juiz de Fora (UFJF), com especializa\u00e7\u00e3o em Homeopatia pelo Instituto Hahnemanniano do Brasil (IHB);<\/p>\n<p>Eloah Bringel &#8211; M\u00e9dica especialista em Homeopatia pelo Instituto Hahnmanniano e pela Escola ketiana do Rio de Janeiro. Tem Especializa\u00e7\u00e3o e P\u00f3s-gradua\u00e7\u00e3o em Homeopatia pela Associa\u00e7\u00e3o Brasileira de Reciclagem e Assist\u00eancia em Homeopatia (ABRAH) S\u00e3o Paulo;<\/p>\n<p>Juarez Ara\u00fajo &#8211; Graduado em Medicina pela UFJF. Tem Mestrado em Sa\u00fade Coletiva pela mesma institui\u00e7\u00e3o e Especializa\u00e7\u00e3o em gest\u00e3o da inova\u00e7\u00e3o em fitomedicamentos;<\/p>\n<p>Andr\u00e9 Bringel &#8211; M\u00e9dico pela Escola de Ci\u00eancias M\u00e9dicas de Volta Redonda, com P\u00f3s-Gradua\u00e7\u00e3o em Medicina Tradicional Chinesa e Acupuntura pela Universidade Federal Fluminense;<\/p>\n<p>Priscila Aparecida Toledo &#8211; Enfermeira pela UFJF, formada em Auriculoterapia pelo Instituto Mineiro de Acupuntura e Massagens (IMAM), possui forma\u00e7\u00e3o em Reiki n\u00edvel 1 pela Religare.<\/p>\n<p><i>12\/11<\/i><br \/>\nQuinta-feira<\/p>\n<p><b>Mesa<\/b><br \/>\nDesafios e avan\u00e7os da implanta\u00e7\u00e3o da fitoterapia no SUS<\/p>\n<p><b>Tema<\/b><br \/>\nAspectos da gest\u00e3o do Programa de Fitoterapia do munic\u00edpio\/estado &#8211; financiamento do programa, como foi a implanta\u00e7\u00e3o, como se deu a ades\u00e3o dos m\u00e9dicos para a prescri\u00e7\u00e3o, aspectos da educa\u00e7\u00e3o permanente, quais as principais experi\u00eancias exitosas e dificuldades de gest\u00e3o do programa: licita\u00e7\u00f5es, aquisi\u00e7\u00e3o de insumos etc; o modelo de programa adotado pelo munic\u00edpio\/estado, as principais dificuldades e experi\u00eancias exitosas, a fitoterapia como estrat\u00e9gia de educa\u00e7\u00e3o comunit\u00e1ria em sa\u00fade.<\/p>\n<p>Henriqueta Tereza do Sacramento &#8211; Graduada em Medicina pela Universidade Federal do Esp\u00edrito Santo, com especializa\u00e7\u00e3o em Homeopatia pelo Instituto Hahnemanniano do Brasil, IHB, Rio de Janeiro. Atua como m\u00e9dica da Secretaria Municipal de Sa\u00fade de Vit\u00f3ria e \u00e9 idealizadora do Programa de Fitoterapia e de Hortas Urbanas Comunit\u00e1rias;<\/p>\n<p>Marcos Ant\u00f4nio Trajano Ferreira &#8211; Graduado em Medicina pela Universidade Federal da Bahia, com Especializa\u00e7\u00e3o em acupuntura;<\/p>\n<p>Helene Frangakis de Amorim &#8211; Graduada em Farm\u00e1cia com Especializa\u00e7\u00e3o em Gest\u00e3o da Inova\u00e7\u00e3o em Fitomedicamentos.<\/p>\n<p><i>13\/11<br \/>\nSexta-feira<\/p>\n<p><b>Mesa<\/b><br \/>\nExperi\u00eancia de implanta\u00e7\u00e3o do modelo \u201cFarm\u00e1cia Viva\u201d na Aten\u00e7\u00e3o Prim\u00e1ria \u00e0 Sa\u00fade<\/p>\n<p><b>Tema<\/b><br \/>\nAspectos t\u00e9cnicos da gest\u00e3o da \u201cFarm\u00e1cia Viva\u201d nos munic\u00edpios: Cultivo, processamento, manipula\u00e7\u00e3o, dispensa\u00e7\u00e3o etc. O modelo \u201cFarm\u00e1cia Viva\u201d na Aten\u00e7\u00e3o Prim\u00e1ria\/Estrat\u00e9gia Sa\u00fade da Fam\u00edlia, import\u00e2ncia do consult\u00f3rio farmac\u00eautico para consolida\u00e7\u00e3o do programa de fitoterapia.<\/p>\n<p>Jaqueline Guimar\u00e3es de Carvalho &#8211; Graduada em Farm\u00e1cia pela Universidade Federal de Minas Gerais (UFMG), Especialista em homeopatia pela Associa\u00e7\u00e3o Mineira de Farmac\u00eauticos Homeopatas (AMFH) e em Plantas Medicinais e Fitoterapia pela Universidade Federal de Lavras (UFLA);<\/p>\n<p>Elizabeth Rodrigues &#8211; M\u00e9dica da Secretaria de Estado da Sa\u00fade de Betim, Minas Gerais;<\/p>\n<p>Nayara Cunha Junqueira de Morais &#8211; Farmac\u00eautica e acupunturista pela Universidade Federal de Alfenas (Unifal\/MG), Especialista em Gest\u00e3o da Assist\u00eancia Farmac\u00eautica pela Universidade Federal de Santa Catarina em parceria com o Minist\u00e9rio da Sa\u00fade;<\/p>\n<p>Denise Rodrigues &#8211; Graduada em Farm\u00e1cia e Fitoterapia;<\/p>\n<p>Isanete Geraldini Costa Bieski &#8211; Graduada em Farm\u00e1cia e Bioqu\u00edmica pela Universidade de Cuiab\u00e1 (UNIC), tem Licenciatura em Qu\u00edmica pela Universidade Aberta do Brasil\/Universidade Federal do Mato Grosso (UAB\/IFMT) e Biologia pela Claretiano. Tem extenso curr\u00edculo, que inclui experi\u00eancia em \u201cFarm\u00e1cias Vivas\u201d e assessoria a revistas cient\u00edficas, entre in\u00fameras atividades.<\/i><\/div>\n<div><\/div>\n<div><strong>Fonte:\u00a0<\/strong>Assessoria<\/div>\n","protected":false},"excerpt":{"rendered":"<p>As plataformas digitais est\u00e3o sendo empregadas para capacita\u00e7\u00e3o dos profissionais de sa\u00fade, que est\u00e1 acontecendo mesmo em tempos de pandemia da covid-19. De 11 a 13 deste m\u00eas, das 14 \u00e0s 17 horas, a Subsecretaria de Aten\u00e7\u00e3o \u00e0 Sa\u00fade (Ssas) promove \u201cWebn\u00e1rio\u201d sobre Pr\u00e1ticas Integrativas e Complementares (PICs) no Sistema \u00danico de Sa\u00fade (SUS), com [&hellip;]<\/p>\n","protected":false},"author":96,"featured_media":172739,"comment_status":"closed","ping_status":"closed","sticky":false,"template":"","format":"standard","meta":{"footnotes":""},"categories":[253,436,439],"tags":[],"class_list":["post-172738","post","type-post","status-publish","format-standard","has-post-thumbnail","hentry","category-cidade","category-destaque-da-semana","category-ultima-hora"],"_links":{"self":[{"href":"https:\/\/diarioregionaldigital.com.br\/index.php?rest_route=\/wp\/v2\/posts\/172738","targetHints":{"allow":["GET"]}}],"collection":[{"href":"https:\/\/diarioregionaldigital.com.br\/index.php?rest_route=\/wp\/v2\/posts"}],"about":[{"href":"https:\/\/diarioregionaldigital.com.br\/index.php?rest_route=\/wp\/v2\/types\/post"}],"author":[{"embeddable":true,"href":"https:\/\/diarioregionaldigital.com.br\/index.php?rest_route=\/wp\/v2\/users\/96"}],"replies":[{"embeddable":true,"href":"https:\/\/diarioregionaldigital.com.br\/index.php?rest_route=%2Fwp%2Fv2%2Fcomments&post=172738"}],"version-history":[{"count":0,"href":"https:\/\/diarioregionaldigital.com.br\/index.php?rest_route=\/wp\/v2\/posts\/172738\/revisions"}],"wp:featuredmedia":[{"embeddable":true,"href":"https:\/\/diarioregionaldigital.com.br\/index.php?rest_route=\/wp\/v2\/media\/172739"}],"wp:attachment":[{"href":"https:\/\/diarioregionaldigital.com.br\/index.php?rest_route=%2Fwp%2Fv2%2Fmedia&parent=172738"}],"wp:term":[{"taxonomy":"category","embeddable":true,"href":"https:\/\/diarioregionaldigital.com.br\/index.php?rest_route=%2Fwp%2Fv2%2Fcategories&post=172738"},{"taxonomy":"post_tag","embeddable":true,"href":"https:\/\/diarioregionaldigital.com.br\/index.php?rest_route=%2Fwp%2Fv2%2Ftags&post=172738"}],"curies":[{"name":"wp","href":"https:\/\/api.w.org\/{rel}","templated":true}]}}