{"id":172735,"date":"2020-11-10T19:45:06","date_gmt":"2020-11-10T22:45:06","guid":{"rendered":"https:\/\/diarioregionaldigital.com.br\/?p=172735"},"modified":"2020-11-10T19:45:06","modified_gmt":"2020-11-10T22:45:06","slug":"poesia-vencedora-de-concurso-no-museu-tem-divulgacao-em-rede-social","status":"publish","type":"post","link":"https:\/\/diarioregionaldigital.com.br\/?p=172735","title":{"rendered":"Poesia vencedora de concurso no Museu tem divulga\u00e7\u00e3o em rede social"},"content":{"rendered":"<p>Nesta ter\u00e7a-feira, 10, a comunicadora J\u00falia Horta divulgar\u00e1 em seu perfil no instagram (@juliahorta) a poesia vencedora da categoria \u201cProfessor\u201d, escrita por Helga Carvalho Baptista de Almeida, para o concurso realizado pelo Museu \u201cMariano Proc\u00f3pio\u201d. \u00c0s ter\u00e7as-feiras, tradicionalmente, acontece o \u201cJ\u00falia Recita\u201d, com a declama\u00e7\u00e3o de um poema ou poesia. A publica\u00e7\u00e3o tamb\u00e9m ficar\u00e1 dispon\u00edvel no canal do youtube da Prefeitura de Juiz de Fora (PJF) e nas redes sociais do Museu (<a href=\"https:\/\/www.facebook.com\/museu.marianoprocopio\">facebook.com\/museu.marianoproc\u00f3pio<\/a>\u00a0e instagram @museumarianoproc\u00f3pio).<\/p>\n<p>Ser\u00e3o 30 poesias recitadas em v\u00eddeos, com participa\u00e7\u00e3o de colaboradores do museu e convidados, como J\u00falia Horta e Jos\u00e9 Luiz Ribeiro, do Grupo Divulga\u00e7\u00e3o, dentre outros. O concurso de poesia \u201cMuseus e Mem\u00f3rias\u201d teve in\u00edcio em 15 de outubro, \u201cDia do Professor\u201d. A iniciativa foi realizada em parceria com Bodoque Artes e Of\u00edcios, e contou com trabalhos de professores e alunos de Juiz de Fora e outras cidades.<\/p>\n<p><strong>Fonte:\u00a0<\/strong>Assessoria<\/p>\n","protected":false},"excerpt":{"rendered":"<p>Nesta ter\u00e7a-feira, 10, a comunicadora J\u00falia Horta divulgar\u00e1 em seu perfil no instagram (@juliahorta) a poesia vencedora da categoria \u201cProfessor\u201d, escrita por Helga Carvalho Baptista de Almeida, para o concurso realizado pelo Museu \u201cMariano Proc\u00f3pio\u201d. \u00c0s ter\u00e7as-feiras, tradicionalmente, acontece o \u201cJ\u00falia Recita\u201d, com a declama\u00e7\u00e3o de um poema ou poesia. A publica\u00e7\u00e3o tamb\u00e9m ficar\u00e1 dispon\u00edvel [&hellip;]<\/p>\n","protected":false},"author":96,"featured_media":172736,"comment_status":"closed","ping_status":"closed","sticky":false,"template":"","format":"standard","meta":{"footnotes":""},"categories":[256,436,262,439],"tags":[],"class_list":["post-172735","post","type-post","status-publish","format-standard","has-post-thumbnail","hentry","category-cultura","category-destaque-da-semana","category-noticias","category-ultima-hora"],"_links":{"self":[{"href":"https:\/\/diarioregionaldigital.com.br\/index.php?rest_route=\/wp\/v2\/posts\/172735","targetHints":{"allow":["GET"]}}],"collection":[{"href":"https:\/\/diarioregionaldigital.com.br\/index.php?rest_route=\/wp\/v2\/posts"}],"about":[{"href":"https:\/\/diarioregionaldigital.com.br\/index.php?rest_route=\/wp\/v2\/types\/post"}],"author":[{"embeddable":true,"href":"https:\/\/diarioregionaldigital.com.br\/index.php?rest_route=\/wp\/v2\/users\/96"}],"replies":[{"embeddable":true,"href":"https:\/\/diarioregionaldigital.com.br\/index.php?rest_route=%2Fwp%2Fv2%2Fcomments&post=172735"}],"version-history":[{"count":0,"href":"https:\/\/diarioregionaldigital.com.br\/index.php?rest_route=\/wp\/v2\/posts\/172735\/revisions"}],"wp:featuredmedia":[{"embeddable":true,"href":"https:\/\/diarioregionaldigital.com.br\/index.php?rest_route=\/wp\/v2\/media\/172736"}],"wp:attachment":[{"href":"https:\/\/diarioregionaldigital.com.br\/index.php?rest_route=%2Fwp%2Fv2%2Fmedia&parent=172735"}],"wp:term":[{"taxonomy":"category","embeddable":true,"href":"https:\/\/diarioregionaldigital.com.br\/index.php?rest_route=%2Fwp%2Fv2%2Fcategories&post=172735"},{"taxonomy":"post_tag","embeddable":true,"href":"https:\/\/diarioregionaldigital.com.br\/index.php?rest_route=%2Fwp%2Fv2%2Ftags&post=172735"}],"curies":[{"name":"wp","href":"https:\/\/api.w.org\/{rel}","templated":true}]}}