{"id":172732,"date":"2020-11-10T19:43:53","date_gmt":"2020-11-10T22:43:53","guid":{"rendered":"https:\/\/diarioregionaldigital.com.br\/?p=172732"},"modified":"2020-11-10T19:43:53","modified_gmt":"2020-11-10T22:43:53","slug":"bairro-sao-benedito-recebe-850-metros-de-novas-redes-de-esgoto","status":"publish","type":"post","link":"https:\/\/diarioregionaldigital.com.br\/?p=172732","title":{"rendered":"Bairro S\u00e3o Benedito recebe 850 metros de novas redes de esgoto"},"content":{"rendered":"<p>Nesta ter\u00e7a-feira, 10, a Companhia de Saneamento Municipal (Cesama) segue com os trabalhos de remodela\u00e7\u00e3o de 850 metros de redes de esgoto na Rua S\u00e3o Jos\u00e9, no Bairro S\u00e3o Benedito. Os trabalhos come\u00e7aram em outubro e se estender\u00e3o at\u00e9 meados de janeiro de 2021, quando a via contar\u00e1 com sistema de coleta refor\u00e7ado. Novas tubula\u00e7\u00f5es de PVC, com 200 mil\u00edmetros de di\u00e2metro, substituir\u00e3o as antigas manilhas de barro utilizadas at\u00e9 ent\u00e3o.<\/p>\n<p>Para realiza\u00e7\u00e3o da obra foi preciso interditar parcialmente o tr\u00e2nsito na via, de segunda a sexta-feira, das sete \u00e0s 17 horas. Assim, a Cesama pede aos moradores que, se poss\u00edvel, retirem seus ve\u00edculos da rua antes do in\u00edcio dos trabalhos.<\/p>\n<p>As a\u00e7\u00f5es de remodela\u00e7\u00e3o s\u00e3o realizadas ao longo de todo o ano, seguindo programa\u00e7\u00e3o de prioridades, quando \u00e9 avaliada a necessidade de troca. Esta an\u00e1lise leva em conta a antiguidade e o desgaste do material, o fato de o dimensionamento da tubula\u00e7\u00e3o j\u00e1 n\u00e3o ser compat\u00edvel com o n\u00famero de im\u00f3veis atendidos e os transtornos causados aos usu\u00e1rios do sistema, al\u00e9m dos custos de manuten\u00e7\u00e3o.<\/p>\n<p><strong>Fonte:\u00a0<\/strong>Assessoria<\/p>\n","protected":false},"excerpt":{"rendered":"<p>Nesta ter\u00e7a-feira, 10, a Companhia de Saneamento Municipal (Cesama) segue com os trabalhos de remodela\u00e7\u00e3o de 850 metros de redes de esgoto na Rua S\u00e3o Jos\u00e9, no Bairro S\u00e3o Benedito. Os trabalhos come\u00e7aram em outubro e se estender\u00e3o at\u00e9 meados de janeiro de 2021, quando a via contar\u00e1 com sistema de coleta refor\u00e7ado. Novas tubula\u00e7\u00f5es [&hellip;]<\/p>\n","protected":false},"author":96,"featured_media":172733,"comment_status":"closed","ping_status":"closed","sticky":false,"template":"","format":"standard","meta":{"footnotes":""},"categories":[253,436,439],"tags":[],"class_list":["post-172732","post","type-post","status-publish","format-standard","has-post-thumbnail","hentry","category-cidade","category-destaque-da-semana","category-ultima-hora"],"_links":{"self":[{"href":"https:\/\/diarioregionaldigital.com.br\/index.php?rest_route=\/wp\/v2\/posts\/172732","targetHints":{"allow":["GET"]}}],"collection":[{"href":"https:\/\/diarioregionaldigital.com.br\/index.php?rest_route=\/wp\/v2\/posts"}],"about":[{"href":"https:\/\/diarioregionaldigital.com.br\/index.php?rest_route=\/wp\/v2\/types\/post"}],"author":[{"embeddable":true,"href":"https:\/\/diarioregionaldigital.com.br\/index.php?rest_route=\/wp\/v2\/users\/96"}],"replies":[{"embeddable":true,"href":"https:\/\/diarioregionaldigital.com.br\/index.php?rest_route=%2Fwp%2Fv2%2Fcomments&post=172732"}],"version-history":[{"count":0,"href":"https:\/\/diarioregionaldigital.com.br\/index.php?rest_route=\/wp\/v2\/posts\/172732\/revisions"}],"wp:featuredmedia":[{"embeddable":true,"href":"https:\/\/diarioregionaldigital.com.br\/index.php?rest_route=\/wp\/v2\/media\/172733"}],"wp:attachment":[{"href":"https:\/\/diarioregionaldigital.com.br\/index.php?rest_route=%2Fwp%2Fv2%2Fmedia&parent=172732"}],"wp:term":[{"taxonomy":"category","embeddable":true,"href":"https:\/\/diarioregionaldigital.com.br\/index.php?rest_route=%2Fwp%2Fv2%2Fcategories&post=172732"},{"taxonomy":"post_tag","embeddable":true,"href":"https:\/\/diarioregionaldigital.com.br\/index.php?rest_route=%2Fwp%2Fv2%2Ftags&post=172732"}],"curies":[{"name":"wp","href":"https:\/\/api.w.org\/{rel}","templated":true}]}}