{"id":172728,"date":"2020-11-10T19:42:22","date_gmt":"2020-11-10T22:42:22","guid":{"rendered":"https:\/\/diarioregionaldigital.com.br\/?p=172728"},"modified":"2020-11-10T19:42:22","modified_gmt":"2020-11-10T22:42:22","slug":"museu-mariano-procopio-realiza-segunda-live-tour-no-castelinho","status":"publish","type":"post","link":"https:\/\/diarioregionaldigital.com.br\/?p=172728","title":{"rendered":"Museu \u201cMariano Proc\u00f3pio\u201d realiza segunda Live Tour no castelinho"},"content":{"rendered":"<p>A segunda edi\u00e7\u00e3o da Live Tour ao castelinho, ou Villa Ferreira Lage, como tamb\u00e9m \u00e9 conhecido o pr\u00e9dio hist\u00f3rico constru\u00eddo por Mariano Proc\u00f3pio em 1861, ser\u00e1 realizada na quinta-feira, 12, \u00e0s 10h30. A atividade ser\u00e1 mediada pelos historiadores Rosane Carmanini Ferraz e S\u00e9rgio Augusto Vicente e pela coordenadora de atividades educativas e culturais, Laura Freesz.<\/p>\n<p>Al\u00e9m das caracter\u00edsticas da edifica\u00e7\u00e3o, com informa\u00e7\u00f5es sobre a \u00faltima etapa de obra de restauro, a funcionalidade dos c\u00f4modos e alguns itens do mobili\u00e1rio e acervo ser\u00e3o apresentados em especial para esta edi\u00e7\u00e3o do tour. A transmiss\u00e3o da live ser\u00e1 realizada no perfil do museu no instagram (@museumarianoproc\u00f3pio). Para quem n\u00e3o puder acompanhar na hora, o v\u00eddeo ficar\u00e1 dispon\u00edvel na rede social.<\/p>\n<p><strong>Fonte:\u00a0<\/strong>Assessoria<\/p>\n","protected":false},"excerpt":{"rendered":"<p>A segunda edi\u00e7\u00e3o da Live Tour ao castelinho, ou Villa Ferreira Lage, como tamb\u00e9m \u00e9 conhecido o pr\u00e9dio hist\u00f3rico constru\u00eddo por Mariano Proc\u00f3pio em 1861, ser\u00e1 realizada na quinta-feira, 12, \u00e0s 10h30. A atividade ser\u00e1 mediada pelos historiadores Rosane Carmanini Ferraz e S\u00e9rgio Augusto Vicente e pela coordenadora de atividades educativas e culturais, Laura Freesz. [&hellip;]<\/p>\n","protected":false},"author":96,"featured_media":172730,"comment_status":"closed","ping_status":"closed","sticky":false,"template":"","format":"standard","meta":{"footnotes":""},"categories":[256,436,262,439],"tags":[],"class_list":["post-172728","post","type-post","status-publish","format-standard","has-post-thumbnail","hentry","category-cultura","category-destaque-da-semana","category-noticias","category-ultima-hora"],"_links":{"self":[{"href":"https:\/\/diarioregionaldigital.com.br\/index.php?rest_route=\/wp\/v2\/posts\/172728","targetHints":{"allow":["GET"]}}],"collection":[{"href":"https:\/\/diarioregionaldigital.com.br\/index.php?rest_route=\/wp\/v2\/posts"}],"about":[{"href":"https:\/\/diarioregionaldigital.com.br\/index.php?rest_route=\/wp\/v2\/types\/post"}],"author":[{"embeddable":true,"href":"https:\/\/diarioregionaldigital.com.br\/index.php?rest_route=\/wp\/v2\/users\/96"}],"replies":[{"embeddable":true,"href":"https:\/\/diarioregionaldigital.com.br\/index.php?rest_route=%2Fwp%2Fv2%2Fcomments&post=172728"}],"version-history":[{"count":0,"href":"https:\/\/diarioregionaldigital.com.br\/index.php?rest_route=\/wp\/v2\/posts\/172728\/revisions"}],"wp:featuredmedia":[{"embeddable":true,"href":"https:\/\/diarioregionaldigital.com.br\/index.php?rest_route=\/wp\/v2\/media\/172730"}],"wp:attachment":[{"href":"https:\/\/diarioregionaldigital.com.br\/index.php?rest_route=%2Fwp%2Fv2%2Fmedia&parent=172728"}],"wp:term":[{"taxonomy":"category","embeddable":true,"href":"https:\/\/diarioregionaldigital.com.br\/index.php?rest_route=%2Fwp%2Fv2%2Fcategories&post=172728"},{"taxonomy":"post_tag","embeddable":true,"href":"https:\/\/diarioregionaldigital.com.br\/index.php?rest_route=%2Fwp%2Fv2%2Ftags&post=172728"}],"curies":[{"name":"wp","href":"https:\/\/api.w.org\/{rel}","templated":true}]}}