{"id":172717,"date":"2020-11-10T19:24:52","date_gmt":"2020-11-10T22:24:52","guid":{"rendered":"https:\/\/diarioregionaldigital.com.br\/?p=172717"},"modified":"2020-11-10T19:24:52","modified_gmt":"2020-11-10T22:24:52","slug":"corpo-de-bombeiros-de-juiz-de-fora-participa-de-treinamentos-para-o-periodo-chuvoso","status":"publish","type":"post","link":"https:\/\/diarioregionaldigital.com.br\/?p=172717","title":{"rendered":"Corpo de Bombeiros de Juiz de Fora participa de treinamentos para o per\u00edodo chuvoso"},"content":{"rendered":"<p><span style=\"font-weight: 400;\">Visando o per\u00edodo chuvoso em Juiz de Fora e regi\u00e3o, o Quarto Batalh\u00e3o do Corpo de Bombeiros Militar de Minas Gerais, tem realizado uma s\u00e9rie de treinamentos, voltados para as ocorr\u00eancias de deslizamentos, desabamentos, soterramentos e inunda\u00e7\u00f5es, que aumentam consideravelmente nesse per\u00edodo do ano, trazendo danos materiais e humanos, al\u00e9m dos preju\u00edzos econ\u00f4micos.<\/span><\/p>\n<p><span style=\"font-weight: 400;\">Al\u00e9m disso, os integrantes do Pelot\u00e3o de Emerg\u00eancias Ambientais e Resposta \u00e0 Desastres (PEMAD), de Juiz de Fora, participaram de instru\u00e7\u00f5es de Busca e Resgate em Estruturas Colapsadas (BREC) e Busca e Salvamento em Enchentes e Inunda\u00e7\u00f5es (CSSEI), no munic\u00edpio de Itutinga-MG. A programa\u00e7\u00e3o dos treinos foi coordenada por militares do Batalh\u00e3o de Emerg\u00eancias Ambientais e Resposta a Desastres (BEMAD), os quais s\u00e3o especializados nesse tipo de opera\u00e7\u00e3o, a fim de alinhar t\u00e9cnicas e t\u00e1ticas utilizadas em ocorr\u00eancias t\u00edpicas neste per\u00edodo.<\/span><\/p>\n<p><span style=\"font-weight: 400;\">A parte pr\u00e1tica do treinamento, ter\u00e1 continuidade \u00e0s 07h00 nesta quarta-feira (11), a qual ser\u00e1 realizada na Rua Roberto Stiegert, no Bairro S\u00e3o Pedro (Cidade Alta) em Juiz de Fora. Na quinta-feira (12), a programa\u00e7\u00e3o continua no Rio do Peixe, em Belmiro Braga-MG, tamb\u00e9m \u00e0s 07h00.<\/span><\/p>\n","protected":false},"excerpt":{"rendered":"<p>Visando o per\u00edodo chuvoso em Juiz de Fora e regi\u00e3o, o Quarto Batalh\u00e3o do Corpo de Bombeiros Militar de Minas Gerais, tem realizado uma s\u00e9rie de treinamentos, voltados para as ocorr\u00eancias de deslizamentos, desabamentos, soterramentos e inunda\u00e7\u00f5es, que aumentam consideravelmente nesse per\u00edodo do ano, trazendo danos materiais e humanos, al\u00e9m dos preju\u00edzos econ\u00f4micos. Al\u00e9m disso, [&hellip;]<\/p>\n","protected":false},"author":96,"featured_media":172718,"comment_status":"closed","ping_status":"closed","sticky":false,"template":"","format":"standard","meta":{"footnotes":""},"categories":[253,436,439],"tags":[],"class_list":["post-172717","post","type-post","status-publish","format-standard","has-post-thumbnail","hentry","category-cidade","category-destaque-da-semana","category-ultima-hora"],"_links":{"self":[{"href":"https:\/\/diarioregionaldigital.com.br\/index.php?rest_route=\/wp\/v2\/posts\/172717","targetHints":{"allow":["GET"]}}],"collection":[{"href":"https:\/\/diarioregionaldigital.com.br\/index.php?rest_route=\/wp\/v2\/posts"}],"about":[{"href":"https:\/\/diarioregionaldigital.com.br\/index.php?rest_route=\/wp\/v2\/types\/post"}],"author":[{"embeddable":true,"href":"https:\/\/diarioregionaldigital.com.br\/index.php?rest_route=\/wp\/v2\/users\/96"}],"replies":[{"embeddable":true,"href":"https:\/\/diarioregionaldigital.com.br\/index.php?rest_route=%2Fwp%2Fv2%2Fcomments&post=172717"}],"version-history":[{"count":0,"href":"https:\/\/diarioregionaldigital.com.br\/index.php?rest_route=\/wp\/v2\/posts\/172717\/revisions"}],"wp:featuredmedia":[{"embeddable":true,"href":"https:\/\/diarioregionaldigital.com.br\/index.php?rest_route=\/wp\/v2\/media\/172718"}],"wp:attachment":[{"href":"https:\/\/diarioregionaldigital.com.br\/index.php?rest_route=%2Fwp%2Fv2%2Fmedia&parent=172717"}],"wp:term":[{"taxonomy":"category","embeddable":true,"href":"https:\/\/diarioregionaldigital.com.br\/index.php?rest_route=%2Fwp%2Fv2%2Fcategories&post=172717"},{"taxonomy":"post_tag","embeddable":true,"href":"https:\/\/diarioregionaldigital.com.br\/index.php?rest_route=%2Fwp%2Fv2%2Ftags&post=172717"}],"curies":[{"name":"wp","href":"https:\/\/api.w.org\/{rel}","templated":true}]}}