{"id":172714,"date":"2020-11-10T19:13:58","date_gmt":"2020-11-10T22:13:58","guid":{"rendered":"https:\/\/diarioregionaldigital.com.br\/?p=172714"},"modified":"2020-11-10T19:13:58","modified_gmt":"2020-11-10T22:13:58","slug":"municipio-tem-6-973-casos-recuperados-de-covid-19","status":"publish","type":"post","link":"https:\/\/diarioregionaldigital.com.br\/?p=172714","title":{"rendered":"Munic\u00edpio tem 6.973 casos recuperados de Covid-19"},"content":{"rendered":"<p><span style=\"font-weight: 400;\">O novo boletim epidemiol\u00f3gico divulgado nesta ter\u00e7a-feira (10) pela Secretaria de Sa\u00fade (SS) da Prefeitura de Juiz de Fora (PJF), aponta que o munic\u00edpio acumula 6.973 pacientes recuperados do Coronav\u00edrus, representando 92,5% dos casos. Conforme o levantamento, nas \u00faltimas 24h, foram registradas mais 44 pessoas infectadas pela doen\u00e7a, totalizando 7.538.<\/span><\/p>\n<p><span style=\"font-weight: 400;\">Segundo os dados, houve aumento de\u00a0 mais duas mortes, contabilizando 274 \u00f3bitos. Uma das v\u00edtimas \u00e9 um idoso de 68 anos e morreu na segunda-feira (9). Ele apresentava quadro de Hipertens\u00e3o Arterial Sist\u00eamica (HAS). A segunda v\u00edtima \u00e9 uma idosa de 91 anos e tamb\u00e9m morreu na segunda-feira (9) e era portadora de Doen\u00e7a Cardiovascular Cr\u00f4nica (DCC) e Doen\u00e7a Neurol\u00f3gica Cr\u00f4nica (DNC).\u00a0<\/span><\/p>\n<p><span style=\"font-weight: 400;\">Al\u00e9m disso, 26.945 pacientes s\u00e3o suspeitos de terem a doen\u00e7a. Conforme o Departamento de Vigil\u00e2ncia Epidemiol\u00f3gica e Ambiental (Dvea), dentre os casos confirmados, 3.999 s\u00e3o mulheres e 3.539 homens.<\/span><\/p>\n<p><b>N\u00fameros de casos<\/b><\/p>\n<p><span style=\"font-weight: 400;\">&#8211; At\u00e9 um ano: 22 casos (0,29%)<\/span><\/p>\n<p><span style=\"font-weight: 400;\">&#8211; Um a nove anos: 130 (1,72%)<\/span><\/p>\n<p><span style=\"font-weight: 400;\">&#8211; Dez a 19: 214 (2,83%)<\/span><\/p>\n<p><span style=\"font-weight: 400;\">&#8211; 20 a 29: 1.279 (16,96%)<\/span><\/p>\n<p><span style=\"font-weight: 400;\">&#8211; 30 a 39: 1.834 (24,33%)<\/span><\/p>\n<p><span style=\"font-weight: 400;\">&#8211; 40 a 49: 1.398 (18,54%)<\/span><\/p>\n<p><span style=\"font-weight: 400;\">&#8211; 50 a 59: 1.193 (15,82%)<\/span><\/p>\n<p><span style=\"font-weight: 400;\">&#8211; 60 ou mais: 1.468 (19,47%)<\/span><\/p>\n<p><b>Leitos\u00a0<\/b><\/p>\n<p><span style=\"font-weight: 400;\">Segundo informa\u00e7\u00f5es da PJF, os leitos de enfermaria est\u00e3o com 61,47% de ocupa\u00e7\u00e3o. J\u00e1 os os leitos de UTI e SUS, est\u00e3o com taxa de 75,46% e 77,46% respectivamente.<\/span><\/p>\n","protected":false},"excerpt":{"rendered":"<p>O novo boletim epidemiol\u00f3gico divulgado nesta ter\u00e7a-feira (10) pela Secretaria de Sa\u00fade (SS) da Prefeitura de Juiz de Fora (PJF), aponta que o munic\u00edpio acumula 6.973 pacientes recuperados do Coronav\u00edrus, representando 92,5% dos casos. Conforme o levantamento, nas \u00faltimas 24h, foram registradas mais 44 pessoas infectadas pela doen\u00e7a, totalizando 7.538. Segundo os dados, houve aumento [&hellip;]<\/p>\n","protected":false},"author":96,"featured_media":172715,"comment_status":"closed","ping_status":"closed","sticky":false,"template":"","format":"standard","meta":{"footnotes":""},"categories":[253,436,440,439],"tags":[],"class_list":["post-172714","post","type-post","status-publish","format-standard","has-post-thumbnail","hentry","category-cidade","category-destaque-da-semana","category-destaques-do-dia","category-ultima-hora"],"_links":{"self":[{"href":"https:\/\/diarioregionaldigital.com.br\/index.php?rest_route=\/wp\/v2\/posts\/172714","targetHints":{"allow":["GET"]}}],"collection":[{"href":"https:\/\/diarioregionaldigital.com.br\/index.php?rest_route=\/wp\/v2\/posts"}],"about":[{"href":"https:\/\/diarioregionaldigital.com.br\/index.php?rest_route=\/wp\/v2\/types\/post"}],"author":[{"embeddable":true,"href":"https:\/\/diarioregionaldigital.com.br\/index.php?rest_route=\/wp\/v2\/users\/96"}],"replies":[{"embeddable":true,"href":"https:\/\/diarioregionaldigital.com.br\/index.php?rest_route=%2Fwp%2Fv2%2Fcomments&post=172714"}],"version-history":[{"count":0,"href":"https:\/\/diarioregionaldigital.com.br\/index.php?rest_route=\/wp\/v2\/posts\/172714\/revisions"}],"wp:featuredmedia":[{"embeddable":true,"href":"https:\/\/diarioregionaldigital.com.br\/index.php?rest_route=\/wp\/v2\/media\/172715"}],"wp:attachment":[{"href":"https:\/\/diarioregionaldigital.com.br\/index.php?rest_route=%2Fwp%2Fv2%2Fmedia&parent=172714"}],"wp:term":[{"taxonomy":"category","embeddable":true,"href":"https:\/\/diarioregionaldigital.com.br\/index.php?rest_route=%2Fwp%2Fv2%2Fcategories&post=172714"},{"taxonomy":"post_tag","embeddable":true,"href":"https:\/\/diarioregionaldigital.com.br\/index.php?rest_route=%2Fwp%2Fv2%2Ftags&post=172714"}],"curies":[{"name":"wp","href":"https:\/\/api.w.org\/{rel}","templated":true}]}}