{"id":172710,"date":"2020-11-10T19:04:55","date_gmt":"2020-11-10T22:04:55","guid":{"rendered":"https:\/\/diarioregionaldigital.com.br\/?p=172710"},"modified":"2020-11-10T19:04:55","modified_gmt":"2020-11-10T22:04:55","slug":"romeu-zema-destaca-o-rigor-do-governo-no-combate-a-covid-19-e-defende-maior-eficiencia-na-gestao-publica","status":"publish","type":"post","link":"https:\/\/diarioregionaldigital.com.br\/?p=172710","title":{"rendered":"Romeu Zema destaca o rigor do governo no combate \u00e0 covid-19 e defende maior efici\u00eancia na gest\u00e3o p\u00fablica"},"content":{"rendered":"<p>O governador Romeu Zema participou, nesta ter\u00e7a-feira (10\/11), do webinar promovido pelo portal de not\u00edcias Jota para debater a crise provocada pelo coronav\u00edrus na economia e os principais desafios na pol\u00edtica.<\/p>\n<p>O temor de que haja uma segunda onda de cont\u00e1gio no Brasil, assim como ocorre na Europa, foi o assunto que abriu o debate. O governador afirmou que, segundo especialistas, a possibilidade existe. Por isso, o\u00a0<a href=\"http:\/\/www.mg.gov.br\/\" target=\"_blank\" rel=\"noopener noreferrer\">Governo de Minas<\/a>\u00a0continua adotando medidas para evitar a propaga\u00e7\u00e3o da doen\u00e7a e salvar a vida dos mineiros.<\/p>\n<p>\u201cIndependente se este fen\u00f4meno ocorrer\u00e1 ou n\u00e3o, continuaremos com todo o aparato que foi criado pelo Governo de Minas para proteger a popula\u00e7\u00e3o, como o\u00a0<a href=\"http:\/\/www.mg.gov.br\/minasconsciente\" target=\"_blank\" rel=\"noopener noreferrer\">Minas Consciente<\/a>, que \u00e9 o plano que orienta os munic\u00edpios na retomada gradual e segura da economia\u201d, lembrou.<\/p>\n<p><strong>Vacina<\/strong><\/p>\n<p>A politiza\u00e7\u00e3o em torno da compra das vacinas que se encontram em est\u00e1gio avan\u00e7ado de testes tamb\u00e9m foi outro tema discutido. Na avalia\u00e7\u00e3o do chefe do Executivo, \u00e9 esperado que o Minist\u00e9rio da Sa\u00fade, assim como fez no passado com outras epidemias, conduza a pol\u00edtica de imuniza\u00e7\u00e3o.<\/p>\n<p><main class=\"clear margin-md-bottom-3\"><\/p>\n<div class=\"clear \">\n<p>\u201cEste \u00e9 um assunto que deve ser definido pelo governo federal. \u00c9 lament\u00e1vel que esta quest\u00e3o tenha passado a ser usada de modo pol\u00edtico. Dever\u00edamos estar planejando qual a melhor forma para imunizar a popula\u00e7\u00e3o. Em Minas Gerais j\u00e1 estamos devidamente preparados para receber, transportar e distribuir a vacina\u201d, explicou.<\/p>\n<p><strong>Harmonia<\/strong><\/p>\n<p>Romeu Zema fez um balan\u00e7o positivo da rela\u00e7\u00e3o que mant\u00e9m tanto com o Legislativo quanto com o governo federal. Zema lembrou que o fato de ele nunca ter ocupado um cargo p\u00fablico exigiu ainda mais de sua gest\u00e3o desde o in\u00edcio.<\/p>\n<p>\u201cCom o tempo mostramos que quer\u00edamos fazer uma boa gest\u00e3o e conquistamos a confian\u00e7a. O combate \u00e0 pandemia \u00e9 um bom exemplo. Minas tem a menor taxa de mortalidade provocada pela covid-19, al\u00e9m de outros indicadores como a queda dos homic\u00eddios e o atual \u00cdndice de Desenvolvimento da Educa\u00e7\u00e3o B\u00e1sica (Ideb), com notas acima dos anos anteriores\u201d, enumerou.<\/p>\n<p>Zema destacou ainda que a pol\u00edtica adotada desde o primeiro dia da sua administra\u00e7\u00e3o \u00e9 de ser um governo eficiente. \u201cPassamos a administrar os recursos com uma gest\u00e3o respons\u00e1vel e com implanta\u00e7\u00e3o de metas, sempre dialogando com a Assembleia Legislativa de Minas Gerais\u201d, afirmou.<\/p>\n<p><strong>Fonte:\u00a0<\/strong>Ag\u00eancia Minas<\/p>\n<\/div>\n<p><\/main><\/p>\n","protected":false},"excerpt":{"rendered":"<p>O governador Romeu Zema participou, nesta ter\u00e7a-feira (10\/11), do webinar promovido pelo portal de not\u00edcias Jota para debater a crise provocada pelo coronav\u00edrus na economia e os principais desafios na pol\u00edtica. O temor de que haja uma segunda onda de cont\u00e1gio no Brasil, assim como ocorre na Europa, foi o assunto que abriu o debate. [&hellip;]<\/p>\n","protected":false},"author":96,"featured_media":172711,"comment_status":"closed","ping_status":"closed","sticky":false,"template":"","format":"standard","meta":{"footnotes":""},"categories":[436,254,439],"tags":[],"class_list":["post-172710","post","type-post","status-publish","format-standard","has-post-thumbnail","hentry","category-destaque-da-semana","category-politica","category-ultima-hora"],"_links":{"self":[{"href":"https:\/\/diarioregionaldigital.com.br\/index.php?rest_route=\/wp\/v2\/posts\/172710","targetHints":{"allow":["GET"]}}],"collection":[{"href":"https:\/\/diarioregionaldigital.com.br\/index.php?rest_route=\/wp\/v2\/posts"}],"about":[{"href":"https:\/\/diarioregionaldigital.com.br\/index.php?rest_route=\/wp\/v2\/types\/post"}],"author":[{"embeddable":true,"href":"https:\/\/diarioregionaldigital.com.br\/index.php?rest_route=\/wp\/v2\/users\/96"}],"replies":[{"embeddable":true,"href":"https:\/\/diarioregionaldigital.com.br\/index.php?rest_route=%2Fwp%2Fv2%2Fcomments&post=172710"}],"version-history":[{"count":0,"href":"https:\/\/diarioregionaldigital.com.br\/index.php?rest_route=\/wp\/v2\/posts\/172710\/revisions"}],"wp:featuredmedia":[{"embeddable":true,"href":"https:\/\/diarioregionaldigital.com.br\/index.php?rest_route=\/wp\/v2\/media\/172711"}],"wp:attachment":[{"href":"https:\/\/diarioregionaldigital.com.br\/index.php?rest_route=%2Fwp%2Fv2%2Fmedia&parent=172710"}],"wp:term":[{"taxonomy":"category","embeddable":true,"href":"https:\/\/diarioregionaldigital.com.br\/index.php?rest_route=%2Fwp%2Fv2%2Fcategories&post=172710"},{"taxonomy":"post_tag","embeddable":true,"href":"https:\/\/diarioregionaldigital.com.br\/index.php?rest_route=%2Fwp%2Fv2%2Ftags&post=172710"}],"curies":[{"name":"wp","href":"https:\/\/api.w.org\/{rel}","templated":true}]}}