{"id":172707,"date":"2020-11-10T19:01:00","date_gmt":"2020-11-10T22:01:00","guid":{"rendered":"https:\/\/diarioregionaldigital.com.br\/?p=172707"},"modified":"2020-11-10T19:01:00","modified_gmt":"2020-11-10T22:01:00","slug":"cliente-recebera-indenizacao-de-r-15-mil-de-empresa-de-telefonia","status":"publish","type":"post","link":"https:\/\/diarioregionaldigital.com.br\/?p=172707","title":{"rendered":"Cliente receber\u00e1 indeniza\u00e7\u00e3o de R$ 15 mil de empresa de telefonia"},"content":{"rendered":"<p><span style=\"font-weight: 400;\">A empresa de telefonia Oi, foi condenada pela ju\u00edza da 2\u00aa Vara C\u00edvel de Juiz de Fora, Ivanete Jota de Almeida, e ter\u00e1 de indenizar uma cliente no valor de R$ 15 mil, por danos morais. A decis\u00e3o \u00e9 de primeira inst\u00e2ncia e \u00e9 pass\u00edvel de recurso.<\/span><\/p>\n<p><span style=\"font-weight: 400;\">De acordo com informa\u00e7\u00f5es do Tribunal de Justi\u00e7a de Minas Gerais (TJMG), a empresa\u00a0 inscreveu indevidamente o nome da consumidora no Servi\u00e7o de Prote\u00e7\u00e3o ao Cr\u00e9dito (SPC) por causa de uma conta de R$116, supostamente n\u00e3o quitada.<\/span><\/p>\n<p><span style=\"font-weight: 400;\">Al\u00e9m disso, a cliente comprovou a quita\u00e7\u00e3o do d\u00e9bito, anexando o recibo no processo. Ela alega que sofreu constrangimentos por causa da negativa\u00e7\u00e3o. A empresa relata que tal pagamento n\u00e3o foi constatado em seu sistema eletr\u00f4nico e a disponibiliza\u00e7\u00e3o do servi\u00e7o foi regularizada ap\u00f3s a solicita\u00e7\u00e3o da cliente.<\/span><\/p>\n<p><span style=\"font-weight: 400;\">A ju\u00edza Ivanete de Almeida julgou procedente o pedido de indeniza\u00e7\u00e3o sob o argumento de que existiu a prova de danos extrapatrimoniais indeniz\u00e1veis, \u201csendo desnecess\u00e1ria a efetiva comprova\u00e7\u00e3o do preju\u00edzo, por se tratar de dano que adv\u00e9m da pr\u00f3pria negativa\u00e7\u00e3o indevida\u201d.<\/span><\/p>\n","protected":false},"excerpt":{"rendered":"<p>A empresa de telefonia Oi, foi condenada pela ju\u00edza da 2\u00aa Vara C\u00edvel de Juiz de Fora, Ivanete Jota de Almeida, e ter\u00e1 de indenizar uma cliente no valor de R$ 15 mil, por danos morais. A decis\u00e3o \u00e9 de primeira inst\u00e2ncia e \u00e9 pass\u00edvel de recurso. De acordo com informa\u00e7\u00f5es do Tribunal de Justi\u00e7a [&hellip;]<\/p>\n","protected":false},"author":96,"featured_media":172708,"comment_status":"closed","ping_status":"closed","sticky":false,"template":"","format":"standard","meta":{"footnotes":""},"categories":[253,436,439],"tags":[],"class_list":["post-172707","post","type-post","status-publish","format-standard","has-post-thumbnail","hentry","category-cidade","category-destaque-da-semana","category-ultima-hora"],"_links":{"self":[{"href":"https:\/\/diarioregionaldigital.com.br\/index.php?rest_route=\/wp\/v2\/posts\/172707","targetHints":{"allow":["GET"]}}],"collection":[{"href":"https:\/\/diarioregionaldigital.com.br\/index.php?rest_route=\/wp\/v2\/posts"}],"about":[{"href":"https:\/\/diarioregionaldigital.com.br\/index.php?rest_route=\/wp\/v2\/types\/post"}],"author":[{"embeddable":true,"href":"https:\/\/diarioregionaldigital.com.br\/index.php?rest_route=\/wp\/v2\/users\/96"}],"replies":[{"embeddable":true,"href":"https:\/\/diarioregionaldigital.com.br\/index.php?rest_route=%2Fwp%2Fv2%2Fcomments&post=172707"}],"version-history":[{"count":0,"href":"https:\/\/diarioregionaldigital.com.br\/index.php?rest_route=\/wp\/v2\/posts\/172707\/revisions"}],"wp:featuredmedia":[{"embeddable":true,"href":"https:\/\/diarioregionaldigital.com.br\/index.php?rest_route=\/wp\/v2\/media\/172708"}],"wp:attachment":[{"href":"https:\/\/diarioregionaldigital.com.br\/index.php?rest_route=%2Fwp%2Fv2%2Fmedia&parent=172707"}],"wp:term":[{"taxonomy":"category","embeddable":true,"href":"https:\/\/diarioregionaldigital.com.br\/index.php?rest_route=%2Fwp%2Fv2%2Fcategories&post=172707"},{"taxonomy":"post_tag","embeddable":true,"href":"https:\/\/diarioregionaldigital.com.br\/index.php?rest_route=%2Fwp%2Fv2%2Ftags&post=172707"}],"curies":[{"name":"wp","href":"https:\/\/api.w.org\/{rel}","templated":true}]}}