{"id":172700,"date":"2020-11-10T17:53:24","date_gmt":"2020-11-10T20:53:24","guid":{"rendered":"https:\/\/diarioregionaldigital.com.br\/?p=172700"},"modified":"2020-11-10T17:53:24","modified_gmt":"2020-11-10T20:53:24","slug":"interlagos-e-incluido-em-calendario-provisorio-de-2021-da-f1","status":"publish","type":"post","link":"https:\/\/diarioregionaldigital.com.br\/?p=172700","title":{"rendered":"Interlagos \u00e9 inclu\u00eddo em calend\u00e1rio provis\u00f3rio de 2021 da F1"},"content":{"rendered":"<p><span style=\"font-weight: 400;\">Nesta ter\u00e7a-feira (10), a F1 divulgou em seu site oficial, o calend\u00e1rio provis\u00f3rio da temporada 2021. Ao todo, ser\u00e3o 23 provas, incluindo Interlagos, que ficou de fora do itiner\u00e1rio deste ano, por conta da pandemia do Covid-19 pelo Brasil. Entretanto, para que a etapa brasileira entre de forma definitiva, \u00e9 necess\u00e1rio a assinatura do novo contrato da Prefeitura de S\u00e3o Paulo junto aos dirigentes da F1.\u00a0<\/span><\/p>\n<p><span style=\"font-weight: 400;\">O campeonato mundial do pr\u00f3ximo ano, ter\u00e1 seu in\u00edcio no GP da Austr\u00e1lia, no dia 21 de mar\u00e7o. E como vem sendo feito desde 2014, Abu Dhabi marcar\u00e1 o encerramento da temporada, no dia 5 de dezembro. O calend\u00e1rio definitivo ainda passar\u00e1 pelo processo de aprova\u00e7\u00e3o, pelo Conselho Mundial do Esporte a Motor da Federa\u00e7\u00e3o Internacional de Automobilismo (FIA).<\/span><\/p>\n<p><span style=\"font-weight: 400;\">Como havia sido anunciado na \u00faltima semana, a grande novidade fica por conta do GP da Ar\u00e1bia Saudita, no dia 24 de novembro, o primeiro a ser disputado no pa\u00eds. Conforme a dire\u00e7\u00e3o da F1, ser\u00e1 constru\u00eddo um circuito de rua, na cidade de Jid\u00e1. Entretanto, a chegada da categoria m\u00e1xima do automobilismo mundial, ao solo saudita, rendeu cr\u00edticas da Anistia Internacional, por conta das acusa\u00e7\u00f5es de viola\u00e7\u00f5es dos direitos humanos no pa\u00eds.<\/span><\/p>\n<p><span style=\"font-weight: 400;\">Al\u00e9m disso, o calend\u00e1rio provis\u00f3rio cont\u00e9m um espa\u00e7o vazio, sendo este destinado ao GP do Vietn\u00e3. Entretanto, a etapa pode ficar de fora, uma vez que o ex-prefeito de Han\u00f3i, Nguyen Duc Chung, foi preso nessa semana, por corrup\u00e7\u00e3o ao se apropriar de documentos secretos de estado. Inclusive, foi ele quem fechou o acordo com a F1, para realizar o evento durante 10 anos.<\/span><\/p>\n<p><span style=\"font-weight: 400;\">Dentre as provas que fizeram parte do calend\u00e1rio deste ano, de forma excepcional, nenhuma delas foi mantida para a pr\u00f3xima temporada: Mugello (GP da Toscana), N\u00fcrburgring (GP de Eifel), Portim\u00e3o (GP de Portugal), Imola (GP da Emilia-Romagna) e Istambul (GP da Turquia).\u00a0<\/span><\/p>\n<p><b>Calend\u00e1rio 2021<\/b><\/p>\n<table>\n<tbody>\n<tr>\n<td><b>Etapa<\/b><\/td>\n<td><b>Circuito<\/b><\/td>\n<td><b>Data<\/b><\/td>\n<\/tr>\n<tr>\n<td><span style=\"font-weight: 400;\">GP da Austr\u00e1lia<\/span><\/td>\n<td><span style=\"font-weight: 400;\">Albert Park<\/span><\/td>\n<td><span style=\"font-weight: 400;\">21\/03<\/span><\/td>\n<\/tr>\n<tr>\n<td><span style=\"font-weight: 400;\">GP do Bahrein<\/span><\/td>\n<td><span style=\"font-weight: 400;\">Sakhir<\/span><\/td>\n<td><span style=\"font-weight: 400;\">28\/03<\/span><\/td>\n<\/tr>\n<tr>\n<td><span style=\"font-weight: 400;\">GP da China<\/span><\/td>\n<td><span style=\"font-weight: 400;\">Xangai<\/span><\/td>\n<td><span style=\"font-weight: 400;\">11\/04<\/span><\/td>\n<\/tr>\n<tr>\n<td><i><span style=\"font-weight: 400;\">A confirmar<\/span><\/i><\/td>\n<td><i><span style=\"font-weight: 400;\">A confirmar<\/span><\/i><\/td>\n<td><span style=\"font-weight: 400;\">25\/04<\/span><\/td>\n<\/tr>\n<tr>\n<td><span style=\"font-weight: 400;\"> GP da Espanha*<\/span><\/td>\n<td><span style=\"font-weight: 400;\">Barcelona<\/span><\/td>\n<td><span style=\"font-weight: 400;\">09\/05<\/span><\/td>\n<\/tr>\n<tr>\n<td><span style=\"font-weight: 400;\"> GP de M\u00f4naco<\/span><\/td>\n<td><span style=\"font-weight: 400;\">Monte Carlo<\/span><\/td>\n<td><span style=\"font-weight: 400;\">23\/05<\/span><\/td>\n<\/tr>\n<tr>\n<td><span style=\"font-weight: 400;\"> GP do Azerbaij\u00e3o<\/span><\/td>\n<td><span style=\"font-weight: 400;\">Baku<\/span><\/td>\n<td><span style=\"font-weight: 400;\">06\/06<\/span><\/td>\n<\/tr>\n<tr>\n<td><span style=\"font-weight: 400;\"> GP do Canad\u00e1<\/span><\/td>\n<td><span style=\"font-weight: 400;\">Montreal<\/span><\/td>\n<td><span style=\"font-weight: 400;\">13\/06<\/span><\/td>\n<\/tr>\n<tr>\n<td><span style=\"font-weight: 400;\"> GP da Fran\u00e7a<\/span><\/td>\n<td><span style=\"font-weight: 400;\">Paul Ricard<\/span><\/td>\n<td><span style=\"font-weight: 400;\">27\/06<\/span><\/td>\n<\/tr>\n<tr>\n<td><span style=\"font-weight: 400;\"> GP da \u00c1ustria<\/span><\/td>\n<td><span style=\"font-weight: 400;\">Red Bull Ring<\/span><\/td>\n<td><span style=\"font-weight: 400;\">04\/07<\/span><\/td>\n<\/tr>\n<tr>\n<td><span style=\"font-weight: 400;\"> GP da Inglaterra<\/span><\/td>\n<td><span style=\"font-weight: 400;\">Silverstone<\/span><\/td>\n<td><span style=\"font-weight: 400;\">18\/07<\/span><\/td>\n<\/tr>\n<tr>\n<td><span style=\"font-weight: 400;\"> GP da Hungria<\/span><\/td>\n<td><span style=\"font-weight: 400;\">Hungaroring<\/span><\/td>\n<td><span style=\"font-weight: 400;\">01\/08<\/span><\/td>\n<\/tr>\n<tr>\n<td><span style=\"font-weight: 400;\"> GP da B\u00e9lgica<\/span><\/td>\n<td><span style=\"font-weight: 400;\">Spa-Francorchamps<\/span><\/td>\n<td><span style=\"font-weight: 400;\">20\/08<\/span><\/td>\n<\/tr>\n<tr>\n<td><span style=\"font-weight: 400;\"> GP da Holanda<\/span><\/td>\n<td><span style=\"font-weight: 400;\">Zandvoort<\/span><\/td>\n<td><span style=\"font-weight: 400;\">05\/09<\/span><\/td>\n<\/tr>\n<tr>\n<td><span style=\"font-weight: 400;\"> GP da It\u00e1lia<\/span><\/td>\n<td><span style=\"font-weight: 400;\">Monza<\/span><\/td>\n<td><span style=\"font-weight: 400;\">12\/09<\/span><\/td>\n<\/tr>\n<tr>\n<td><span style=\"font-weight: 400;\"> GP da R\u00fassia<\/span><\/td>\n<td><span style=\"font-weight: 400;\">Sochi<\/span><\/td>\n<td><span style=\"font-weight: 400;\">26\/09<\/span><\/td>\n<\/tr>\n<tr>\n<td><span style=\"font-weight: 400;\"> GP de Singapura<\/span><\/td>\n<td><span style=\"font-weight: 400;\">Marina Bay\u00a0<\/span><\/td>\n<td><span style=\"font-weight: 400;\">03\/10<\/span><\/td>\n<\/tr>\n<tr>\n<td><span style=\"font-weight: 400;\"> GP do Jap\u00e3o<\/span><\/td>\n<td><span style=\"font-weight: 400;\">Suzuka<\/span><\/td>\n<td><span style=\"font-weight: 400;\">10\/10<\/span><\/td>\n<\/tr>\n<tr>\n<td><span style=\"font-weight: 400;\"> GP dos EUA<\/span><\/td>\n<td><span style=\"font-weight: 400;\">Austin<\/span><\/td>\n<td><span style=\"font-weight: 400;\">24\/10<\/span><\/td>\n<\/tr>\n<tr>\n<td><span style=\"font-weight: 400;\"> GP do M\u00e9xico<\/span><\/td>\n<td><span style=\"font-weight: 400;\">Hermanos Rodr\u00edguez<\/span><\/td>\n<td><span style=\"font-weight: 400;\">31\/10<\/span><\/td>\n<\/tr>\n<tr>\n<td><span style=\"font-weight: 400;\"> GP do Brasil*<\/span><\/td>\n<td><span style=\"font-weight: 400;\">Interlagos<\/span><\/td>\n<td><span style=\"font-weight: 400;\">14\/11<\/span><\/td>\n<\/tr>\n<tr>\n<td><span style=\"font-weight: 400;\"> GP da Ar\u00e1bia Saudita<\/span><\/td>\n<td><span style=\"font-weight: 400;\">Jid\u00e1<\/span><\/td>\n<td><span style=\"font-weight: 400;\">28\/11<\/span><\/td>\n<\/tr>\n<tr>\n<td><span style=\"font-weight: 400;\"> GP de Abu Dhabi<\/span><\/td>\n<td><span style=\"font-weight: 400;\">Yas Marina<\/span><\/td>\n<td><span style=\"font-weight: 400;\">05\/12<\/span><\/td>\n<\/tr>\n<\/tbody>\n<\/table>\n<p><b>*<\/b><i><span style=\"font-weight: 400;\">Aguardam assinatura de contrato<\/span><\/i><\/p>\n","protected":false},"excerpt":{"rendered":"<p>Nesta ter\u00e7a-feira (10), a F1 divulgou em seu site oficial, o calend\u00e1rio provis\u00f3rio da temporada 2021. Ao todo, ser\u00e3o 23 provas, incluindo Interlagos, que ficou de fora do itiner\u00e1rio deste ano, por conta da pandemia do Covid-19 pelo Brasil. Entretanto, para que a etapa brasileira entre de forma definitiva, \u00e9 necess\u00e1rio a assinatura do novo [&hellip;]<\/p>\n","protected":false},"author":96,"featured_media":172701,"comment_status":"closed","ping_status":"closed","sticky":false,"template":"","format":"standard","meta":{"footnotes":""},"categories":[436,257,439],"tags":[],"class_list":["post-172700","post","type-post","status-publish","format-standard","has-post-thumbnail","hentry","category-destaque-da-semana","category-esporte","category-ultima-hora"],"_links":{"self":[{"href":"https:\/\/diarioregionaldigital.com.br\/index.php?rest_route=\/wp\/v2\/posts\/172700","targetHints":{"allow":["GET"]}}],"collection":[{"href":"https:\/\/diarioregionaldigital.com.br\/index.php?rest_route=\/wp\/v2\/posts"}],"about":[{"href":"https:\/\/diarioregionaldigital.com.br\/index.php?rest_route=\/wp\/v2\/types\/post"}],"author":[{"embeddable":true,"href":"https:\/\/diarioregionaldigital.com.br\/index.php?rest_route=\/wp\/v2\/users\/96"}],"replies":[{"embeddable":true,"href":"https:\/\/diarioregionaldigital.com.br\/index.php?rest_route=%2Fwp%2Fv2%2Fcomments&post=172700"}],"version-history":[{"count":0,"href":"https:\/\/diarioregionaldigital.com.br\/index.php?rest_route=\/wp\/v2\/posts\/172700\/revisions"}],"wp:featuredmedia":[{"embeddable":true,"href":"https:\/\/diarioregionaldigital.com.br\/index.php?rest_route=\/wp\/v2\/media\/172701"}],"wp:attachment":[{"href":"https:\/\/diarioregionaldigital.com.br\/index.php?rest_route=%2Fwp%2Fv2%2Fmedia&parent=172700"}],"wp:term":[{"taxonomy":"category","embeddable":true,"href":"https:\/\/diarioregionaldigital.com.br\/index.php?rest_route=%2Fwp%2Fv2%2Fcategories&post=172700"},{"taxonomy":"post_tag","embeddable":true,"href":"https:\/\/diarioregionaldigital.com.br\/index.php?rest_route=%2Fwp%2Fv2%2Ftags&post=172700"}],"curies":[{"name":"wp","href":"https:\/\/api.w.org\/{rel}","templated":true}]}}