{"id":172697,"date":"2020-11-10T16:23:58","date_gmt":"2020-11-10T19:23:58","guid":{"rendered":"https:\/\/diarioregionaldigital.com.br\/?p=172697"},"modified":"2020-11-10T16:23:58","modified_gmt":"2020-11-10T19:23:58","slug":"rogerio-ceni-e-apresentado-oficialmente-como-tecnico-do-flamengo","status":"publish","type":"post","link":"https:\/\/diarioregionaldigital.com.br\/?p=172697","title":{"rendered":"Rog\u00e9rio Ceni \u00e9 apresentado oficialmente como t\u00e9cnico do Flamengo"},"content":{"rendered":"<p><span style=\"font-weight: 400;\">O ex-goleiro e agora t\u00e9cnico de futebol, Rog\u00e9rio Ceni, foi apresentado oficialmente como novo comandante do Flamengo, na tarde desta ter\u00e7a-feira (10). O v\u00ednculo de ambas as partes vai at\u00e9 dezembro de 2021. Ele ir\u00e1 assumir o posto deixado por Dom\u00e8nec Torrent, que foi demitido ap\u00f3s a goleada sofrida por 4&#215;0 para o Atl\u00e9tico-MG e poder\u00e1 fazer sua estreia nesta quarta-feira (11) diante do S\u00e3o Paulo, pelas quartas de final da Copa do Brasil.<\/span><\/p>\n<p><span style=\"font-weight: 400;\">Junto com o novo treinador, vieram tamb\u00e9m os auxiliares Charles Hembert e Nelson Sim\u00f5es e o preparador f\u00edsico Danilo Augusto, que trabalharam com Ceni no Fortaleza. Em sua passagem pelo tricolor cearense, o comandante foi bicampe\u00e3o cearense e conquistou os t\u00edtulos da Copa do Nordeste e da S\u00e9rie B do Brasileir\u00e3o. Em 153 jogos pelo Le\u00e3o, foram 81 vit\u00f3rias, 33 empates e 39 derrotas com aproveitamento de 60,1%.<\/span><\/p>\n<p><span style=\"font-weight: 400;\">Rog\u00e9rio foi apresentado no CT Ninho do Urubu e concedeu entrevista coletiva. O ex-arqueiro revela que recebeu aval de Zico, um dos maiores \u00eddolos do rubro-negro:<\/span><\/p>\n<p><span style=\"font-weight: 400;\">\u201cObrigado a todos. Para mim \u00e9 um dia especial para mim. Meu 30\u00ba ano de futebol. J\u00e1 enfrentei Maracan\u00e3 cheio. Vi Zico. At\u00e9 liguei para ele e pedi a entrada. Cara \u00fanico. Admiro at\u00e9 pelas faltas. Fanatismo por ele. Me sinto com a permiss\u00e3o de poder estar sentado nessa cadeira\u201d.<\/span><\/p>\n<p><span style=\"font-weight: 400;\">Dentre os principais ajustes a serem feitos, Rog\u00e9rio Ceni chega para ajustar o sistema defensivo do Flamengo, que nos \u00faltimos tr\u00eas jogos pelo Brasileir\u00e3o, sofreu 10 gols. O treinador comentou sobre essa quest\u00e3o:<\/span><\/p>\n<p><span style=\"font-weight: 400;\">\u201cErros defensivos s\u00e3o frutos de erros de sistema de jogo. Quando se tem um n\u00famero elevado de gols sofridos, temos que tentar ajustar, com a ajuda de todos. S\u00e3o eles que v\u00e3o resolver. O atleta \u00e9 o mais importante. N\u00f3s buscamos solu\u00e7\u00f5es. Garanto que n\u00e3o \u00e9 problema de apenas uma pe\u00e7a\u201d.<\/span><\/p>\n<p><span style=\"font-weight: 400;\">Ele fala ainda sobre ganhar t\u00edtulos pelo rubro-negro e tamb\u00e9m de sua passagem pelo Fortaleza, \u201cTodos querem ganhar tudo no futebol. Temos que ver quanto cada um est\u00e1 disposto a se entregar para chegar. \u00c9 um grupo vencedor. Quem disse que n\u00e3o \u00e9 poss\u00edvel? Ainda mais com uma torcida t\u00e3o apaixonada e jogadores de tanta qualidade. ou muito agradecido ao Fortaleza. O torcedor fica triste, mas acho que compreende o tamanho do desafio. Dif\u00edcil recusar o Flamengo pela grandeza, estrutura, jogadores que t\u00eam aqui&#8230; Caminho natural\u201d.<\/span><\/p>\n<p><span style=\"font-weight: 400;\">J\u00e1 o presidente Rodolfo Landim, avalia a chegada de Rog\u00e9rio Ceni ao rubro-negro carioca e afirma que ser\u00e1 uma passagem vitoriosa, Motivo de muito orgulho para n\u00f3s trabalhar com um profissional desse n\u00edvel. S\u00f3 agradecer a confian\u00e7a e dizer da certeza de que ser\u00e1 uma parceria muito vitoriosa\u201d.<\/span><\/p>\n<p><span style=\"font-weight: 400;\">Como citado anteriormente, Rog\u00e9rio Ceni pode fazer sua estreia oficial, nesta quarta-feira diante do S\u00e3o Paulo pela Copa do Brasil. Entretanto, ele precisa ter seu nome registrado no <\/span><span style=\"font-weight: 400;\">Boletim Informativo Di\u00e1rio (BID) da Confedera\u00e7\u00e3o Brasileira de Futebol (CBF).<\/span><\/p>\n","protected":false},"excerpt":{"rendered":"<p>O ex-goleiro e agora t\u00e9cnico de futebol, Rog\u00e9rio Ceni, foi apresentado oficialmente como novo comandante do Flamengo, na tarde desta ter\u00e7a-feira (10). O v\u00ednculo de ambas as partes vai at\u00e9 dezembro de 2021. Ele ir\u00e1 assumir o posto deixado por Dom\u00e8nec Torrent, que foi demitido ap\u00f3s a goleada sofrida por 4&#215;0 para o Atl\u00e9tico-MG e [&hellip;]<\/p>\n","protected":false},"author":96,"featured_media":172698,"comment_status":"closed","ping_status":"closed","sticky":false,"template":"","format":"standard","meta":{"footnotes":""},"categories":[436,257,439],"tags":[],"class_list":["post-172697","post","type-post","status-publish","format-standard","has-post-thumbnail","hentry","category-destaque-da-semana","category-esporte","category-ultima-hora"],"_links":{"self":[{"href":"https:\/\/diarioregionaldigital.com.br\/index.php?rest_route=\/wp\/v2\/posts\/172697","targetHints":{"allow":["GET"]}}],"collection":[{"href":"https:\/\/diarioregionaldigital.com.br\/index.php?rest_route=\/wp\/v2\/posts"}],"about":[{"href":"https:\/\/diarioregionaldigital.com.br\/index.php?rest_route=\/wp\/v2\/types\/post"}],"author":[{"embeddable":true,"href":"https:\/\/diarioregionaldigital.com.br\/index.php?rest_route=\/wp\/v2\/users\/96"}],"replies":[{"embeddable":true,"href":"https:\/\/diarioregionaldigital.com.br\/index.php?rest_route=%2Fwp%2Fv2%2Fcomments&post=172697"}],"version-history":[{"count":0,"href":"https:\/\/diarioregionaldigital.com.br\/index.php?rest_route=\/wp\/v2\/posts\/172697\/revisions"}],"wp:featuredmedia":[{"embeddable":true,"href":"https:\/\/diarioregionaldigital.com.br\/index.php?rest_route=\/wp\/v2\/media\/172698"}],"wp:attachment":[{"href":"https:\/\/diarioregionaldigital.com.br\/index.php?rest_route=%2Fwp%2Fv2%2Fmedia&parent=172697"}],"wp:term":[{"taxonomy":"category","embeddable":true,"href":"https:\/\/diarioregionaldigital.com.br\/index.php?rest_route=%2Fwp%2Fv2%2Fcategories&post=172697"},{"taxonomy":"post_tag","embeddable":true,"href":"https:\/\/diarioregionaldigital.com.br\/index.php?rest_route=%2Fwp%2Fv2%2Ftags&post=172697"}],"curies":[{"name":"wp","href":"https:\/\/api.w.org\/{rel}","templated":true}]}}