{"id":172694,"date":"2020-11-10T16:01:29","date_gmt":"2020-11-10T19:01:29","guid":{"rendered":"https:\/\/diarioregionaldigital.com.br\/?p=172694"},"modified":"2020-11-10T16:01:29","modified_gmt":"2020-11-10T19:01:29","slug":"corrida-virtual-da-sel-atrai-atletas-de-diversas-partes-do-pais","status":"publish","type":"post","link":"https:\/\/diarioregionaldigital.com.br\/?p=172694","title":{"rendered":"\u201cCorrida Virtual da SEL\u201d atrai atletas de diversas partes do pa\u00eds"},"content":{"rendered":"<p><span style=\"font-weight: 400;\">O virtual aproxima o que est\u00e1 distante. E na &#8220;1\u00aa Corrida Virtual da Secretaria de Esporte e Lazer (SEL)&#8221;, da Prefeitura de Juiz de Fora (PJF), n\u00e3o foi diferente. Atletas de outros estados do Brasil realizaram inscri\u00e7\u00e3o para correrem a primeira prova da modalidade organizada pela SEL. A competi\u00e7\u00e3o contar\u00e1 com participantes de Juiz de Fora e de outras cidades mineiras, entre elas, Muria\u00e9, Bom Jardim de Minas, Vi\u00e7osa, S\u00e3o Jo\u00e3o Nepomuceno, Betim e Belo Horizonte. No entanto, como as inscri\u00e7\u00f5es foram disponibilizadas em plataforma aberta, inscreveram tamb\u00e9m moradores dos estados do Rio de Janeiro, S\u00e3o Paulo, Rio Grande do Sul e Pernambuco. Dos 500 registrados, 316 s\u00e3o de Juiz de Fora e 184 de outras cidades e\/ou estados.<\/span><\/p>\n<p><span style=\"font-weight: 400;\">O n\u00famero de mulheres inscritas ultrapassou o de homens. S\u00e3o 252 atletas do sexo feminino e 248 do masculino. Ambas as categorias contam com participantes idosos (60 anos ou mais) e pessoas com defici\u00eancia. Al\u00e9m disso, a grande maioria (297 inscritos) escolheu o percurso de cinco quil\u00f4metros; 140, de dez; e 63, de 21.<\/span><\/p>\n<p><span style=\"font-weight: 400;\">O percurso ser\u00e1 escolhido pelo corredor, desde que cumpra a dist\u00e2ncia exata, de uma s\u00f3 vez, e continuamente. A prova dever\u00e1 ser realizada at\u00e9 s\u00e1bado, 14. O caminho deve ser monitorado por GPS ou aplicativos tipo \u201cStrava\u201d ou similares, que ilustrem o momento de realiza\u00e7\u00e3o da prova. Cumprido o desafio, o atleta dever\u00e1 enviar foto com o registro do momento, nome completo, data de nascimento e nome da equipe (caso fa\u00e7a parte de alguma) para o e-mail corridavirtualsel@gmail.com. Somente ser\u00e3o aceitos os e-mails com registros feitos no prazo de realiza\u00e7\u00e3o da corrida.<\/span><\/p>\n<p><span style=\"font-weight: 400;\">O desafio n\u00e3o possui car\u00e1ter competitivo, mas disponibilizar\u00e1 a classifica\u00e7\u00e3o de cada dist\u00e2ncia, categoria e faixa et\u00e1ria, levando em conta o tempo enviado pelo pr\u00f3prio atleta, comprovado por foto. Todos que enviarem seu registro de atividade receber\u00e3o, em seu e-mail, certificado digital, e ter\u00e3o direito \u00e0 medalha de participa\u00e7\u00e3o, que dever\u00e1 ser retirada na sede da SEL, de acordo com o cronograma a ser disponibilizado ap\u00f3s o evento. As fotos postadas no instagram, que marcarem o perfil @esportelazerpjf, ser\u00e3o compartilhadas pela conta da SEL, para divulga\u00e7\u00e3o do evento.<\/span><\/p>\n<p><strong>Fonte:\u00a0<\/strong>Assessoria<\/p>\n","protected":false},"excerpt":{"rendered":"<p>O virtual aproxima o que est\u00e1 distante. E na &#8220;1\u00aa Corrida Virtual da Secretaria de Esporte e Lazer (SEL)&#8221;, da Prefeitura de Juiz de Fora (PJF), n\u00e3o foi diferente. Atletas de outros estados do Brasil realizaram inscri\u00e7\u00e3o para correrem a primeira prova da modalidade organizada pela SEL. A competi\u00e7\u00e3o contar\u00e1 com participantes de Juiz de [&hellip;]<\/p>\n","protected":false},"author":96,"featured_media":172695,"comment_status":"closed","ping_status":"closed","sticky":false,"template":"","format":"standard","meta":{"footnotes":""},"categories":[436,257,439],"tags":[],"class_list":["post-172694","post","type-post","status-publish","format-standard","has-post-thumbnail","hentry","category-destaque-da-semana","category-esporte","category-ultima-hora"],"_links":{"self":[{"href":"https:\/\/diarioregionaldigital.com.br\/index.php?rest_route=\/wp\/v2\/posts\/172694","targetHints":{"allow":["GET"]}}],"collection":[{"href":"https:\/\/diarioregionaldigital.com.br\/index.php?rest_route=\/wp\/v2\/posts"}],"about":[{"href":"https:\/\/diarioregionaldigital.com.br\/index.php?rest_route=\/wp\/v2\/types\/post"}],"author":[{"embeddable":true,"href":"https:\/\/diarioregionaldigital.com.br\/index.php?rest_route=\/wp\/v2\/users\/96"}],"replies":[{"embeddable":true,"href":"https:\/\/diarioregionaldigital.com.br\/index.php?rest_route=%2Fwp%2Fv2%2Fcomments&post=172694"}],"version-history":[{"count":0,"href":"https:\/\/diarioregionaldigital.com.br\/index.php?rest_route=\/wp\/v2\/posts\/172694\/revisions"}],"wp:featuredmedia":[{"embeddable":true,"href":"https:\/\/diarioregionaldigital.com.br\/index.php?rest_route=\/wp\/v2\/media\/172695"}],"wp:attachment":[{"href":"https:\/\/diarioregionaldigital.com.br\/index.php?rest_route=%2Fwp%2Fv2%2Fmedia&parent=172694"}],"wp:term":[{"taxonomy":"category","embeddable":true,"href":"https:\/\/diarioregionaldigital.com.br\/index.php?rest_route=%2Fwp%2Fv2%2Fcategories&post=172694"},{"taxonomy":"post_tag","embeddable":true,"href":"https:\/\/diarioregionaldigital.com.br\/index.php?rest_route=%2Fwp%2Fv2%2Ftags&post=172694"}],"curies":[{"name":"wp","href":"https:\/\/api.w.org\/{rel}","templated":true}]}}