{"id":172691,"date":"2020-11-10T15:39:14","date_gmt":"2020-11-10T18:39:14","guid":{"rendered":"https:\/\/diarioregionaldigital.com.br\/?p=172691"},"modified":"2020-11-10T15:39:14","modified_gmt":"2020-11-10T18:39:14","slug":"eleicoes-2020-sao-publicadas-novas-regras-para-o-dia-da-votacao","status":"publish","type":"post","link":"https:\/\/diarioregionaldigital.com.br\/?p=172691","title":{"rendered":"Elei\u00e7\u00f5es 2020: s\u00e3o publicadas novas regras para o dia da vota\u00e7\u00e3o"},"content":{"rendered":"<p><span style=\"font-weight: 400;\">Neste domingo (15), ser\u00e1 realizado o 1\u00ba turno das Elei\u00e7\u00f5es Municipais de 2020. Por conta da pandemia do Covid-19, o Tribunal Regional Eleitoral (TRE), divulgou novas regras para os eleitores, no dia da vota\u00e7\u00e3o. Em Juiz de Fora, 410.399 pessoas est\u00e3o aptas para eleger seus respectivos candidatos, segundo levantamento do Tribunal Superior Eleitoral (TSE).<\/span><\/p>\n<p><span style=\"font-weight: 400;\">Dentre as regras elaboradas, os eleitores com idade acima dos 60 anos, poder\u00e3o votar preferencialmente no hor\u00e1rio entre 7h00 e 10h00 da manh\u00e3. A partir das 10h00 at\u00e9 \u00e0s 17h00, a vota\u00e7\u00e3o estar\u00e1 dispon\u00edvel para o p\u00fablico normal. Todos devem estar com posse de identidade e t\u00edtulo de eleitor.<\/span><\/p>\n<p><span style=\"font-weight: 400;\">Conforme o TRE, o mes\u00e1rio n\u00e3o poder\u00e1 pegar os documentos dos votantes e estes devem ser mostrados. \u00c9 recomendado que o eleitor utilize \u00e1lcool em gel, antes e depois de votar, bem como o uso obrigat\u00f3rio de m\u00e1scara de prote\u00e7\u00e3o. Al\u00e9m disso, como ocorre em todas as Elei\u00e7\u00f5es, \u00e9 feita assinatura que comprove a vota\u00e7\u00e3o em cada turno. O TRE determina que cada eleitor leve sua pr\u00f3pria caneta, como forma de preven\u00e7\u00e3o ao Coronav\u00edrus.\u00a0<\/span><\/p>\n<p><span style=\"font-weight: 400;\">Segundo dados estat\u00edsticos do TSE, Juiz de Fora tem 584 candidatos a Vereador. Al\u00e9m disso, 11 s\u00e3o para \u00e0 Prefeitura: Aloizio Penido (PTC), Delegada Sheila (PSL), Eduardo Lucas (DC), Fernando Elioterio (PC do B), General Marco Fel\u00edcio (PRTV), Ione Barbosa (Republicanos), Lorene Figueiredo (PSOL), Marcos Ribeiro (Rede), Margarida Salom\u00e3o (PT), Victoria Mello (PSTU) e Wilson Rezato (PSB).<\/span><\/p>\n<p><b>Den\u00fancias Eleitorais<\/b><\/p>\n<p><span style=\"font-weight: 400;\">Para as elei\u00e7\u00f5es deste ano, ser\u00e1 utilizado o aplicativo Pardal, criado pela Justi\u00e7a Eleitoral para receber den\u00fancias da sociedade sobre irregularidades em campanhas eleitorais. A ferramenta foi criada em 2014, por\u00e9m com o passar dos anos, teve suas fun\u00e7\u00f5es aprimoradas.\u00a0<\/span><\/p>\n<p><span style=\"font-weight: 400;\">O objetivo principal \u00e9 facilitar o trabalho de apura\u00e7\u00e3o por parte dos Tribunais Regionais Eleitorais (TREs) e do Minist\u00e9rio P\u00fablico Eleitoral, que podem contar com os cidad\u00e3os para atuar como fiscais da elei\u00e7\u00e3o no combate \u00e0 corrup\u00e7\u00e3o eleitoral.<\/span><\/p>\n<p><span style=\"font-weight: 400;\">De acordo com o juiz Sandro Vieira, \u201chavia uma enorme gama de den\u00fancias que n\u00e3o conseguiam ser apuradas a contento para reunir provas e elementos materiais, como testemunhas, fotos, v\u00eddeos e tudo o que pode comprovar a irregularidade\u201d. Portanto, nem todos os il\u00edcitos eram apurados por conterem poucos elementos de provas.<\/span><\/p>\n<p><b>Aplicativo e-t\u00edtulo<\/b><\/p>\n<p><span style=\"font-weight: 400;\">Utilizado para obten\u00e7\u00e3o da via digital do t\u00edtulo de eleitor. Permite o acesso r\u00e1pido e f\u00e1cil \u00e0s informa\u00e7\u00f5es do eleitor cadastradas na Justi\u00e7a Eleitoral. Apresenta dados como: zona eleitoral, situa\u00e7\u00e3o cadastral, al\u00e9m da certid\u00e3o de quita\u00e7\u00e3o eleitoral e da certid\u00e3o de crimes eleitorais.\u00a0<\/span><\/p>\n<p><span style=\"font-weight: 400;\">Al\u00e9m disso, permite ao eleitor justificar sua aus\u00eancia, sem precisar sair de casa, quando estiver fora do seu domic\u00edlio eleitoral, ou seja, munic\u00edpio no qual o votante \u00e9 registrado, atrav\u00e9s do sistema de georreferenciamento.<\/span><\/p>\n<p>&nbsp;<\/p>\n","protected":false},"excerpt":{"rendered":"<p>Neste domingo (15), ser\u00e1 realizado o 1\u00ba turno das Elei\u00e7\u00f5es Municipais de 2020. Por conta da pandemia do Covid-19, o Tribunal Regional Eleitoral (TRE), divulgou novas regras para os eleitores, no dia da vota\u00e7\u00e3o. Em Juiz de Fora, 410.399 pessoas est\u00e3o aptas para eleger seus respectivos candidatos, segundo levantamento do Tribunal Superior Eleitoral (TSE). Dentre [&hellip;]<\/p>\n","protected":false},"author":96,"featured_media":172692,"comment_status":"closed","ping_status":"closed","sticky":false,"template":"","format":"standard","meta":{"footnotes":""},"categories":[436,440,254,439],"tags":[],"class_list":["post-172691","post","type-post","status-publish","format-standard","has-post-thumbnail","hentry","category-destaque-da-semana","category-destaques-do-dia","category-politica","category-ultima-hora"],"_links":{"self":[{"href":"https:\/\/diarioregionaldigital.com.br\/index.php?rest_route=\/wp\/v2\/posts\/172691","targetHints":{"allow":["GET"]}}],"collection":[{"href":"https:\/\/diarioregionaldigital.com.br\/index.php?rest_route=\/wp\/v2\/posts"}],"about":[{"href":"https:\/\/diarioregionaldigital.com.br\/index.php?rest_route=\/wp\/v2\/types\/post"}],"author":[{"embeddable":true,"href":"https:\/\/diarioregionaldigital.com.br\/index.php?rest_route=\/wp\/v2\/users\/96"}],"replies":[{"embeddable":true,"href":"https:\/\/diarioregionaldigital.com.br\/index.php?rest_route=%2Fwp%2Fv2%2Fcomments&post=172691"}],"version-history":[{"count":0,"href":"https:\/\/diarioregionaldigital.com.br\/index.php?rest_route=\/wp\/v2\/posts\/172691\/revisions"}],"wp:featuredmedia":[{"embeddable":true,"href":"https:\/\/diarioregionaldigital.com.br\/index.php?rest_route=\/wp\/v2\/media\/172692"}],"wp:attachment":[{"href":"https:\/\/diarioregionaldigital.com.br\/index.php?rest_route=%2Fwp%2Fv2%2Fmedia&parent=172691"}],"wp:term":[{"taxonomy":"category","embeddable":true,"href":"https:\/\/diarioregionaldigital.com.br\/index.php?rest_route=%2Fwp%2Fv2%2Fcategories&post=172691"},{"taxonomy":"post_tag","embeddable":true,"href":"https:\/\/diarioregionaldigital.com.br\/index.php?rest_route=%2Fwp%2Fv2%2Ftags&post=172691"}],"curies":[{"name":"wp","href":"https:\/\/api.w.org\/{rel}","templated":true}]}}