{"id":172688,"date":"2020-11-10T15:05:13","date_gmt":"2020-11-10T18:05:13","guid":{"rendered":"https:\/\/diarioregionaldigital.com.br\/?p=172688"},"modified":"2020-11-10T15:05:13","modified_gmt":"2020-11-10T18:05:13","slug":"processo-de-matricula-para-os-aprovados-na-ufjf-comeca-nesta-quarta-feira","status":"publish","type":"post","link":"https:\/\/diarioregionaldigital.com.br\/?p=172688","title":{"rendered":"Processo de matr\u00edcula para os aprovados na UFJF come\u00e7a nesta quarta-feira"},"content":{"rendered":"<p><span style=\"font-weight: 400;\">Come\u00e7a nesta quarta-feira (11), e segue at\u00e9 o dia 18, o processo de\u00a0 matr\u00edcula para os aprovados no segundo semestre de 2020 pelo Programa de Ingresso Seletivo Misto (Pism) e pela sele\u00e7\u00e3o especial para o curso de Letras\/Libras na Universidade Federal de Juiz de Fora (UFJF). J\u00e1 os aprovados na chamada regular do Ensino a dist\u00e2ncia (EAD) e na chamada regular do Sistema de Sele\u00e7\u00e3o Unificada (Sisu) devem realizar o procedimento entre os dias 20 a 27 de novembro. Os convocados nos seis primeiros editais de reclassifica\u00e7\u00e3o, nas tr\u00eas modalidades de ingresso (Pism, Sisu e Sele\u00e7\u00e3o Especial), que tamb\u00e9m j\u00e1 realizaram pr\u00e9-matr\u00edcula on-line, ter\u00e3o de 1\u00ba a 8 de dezembro para enviar a documenta\u00e7\u00e3o de requerimento de matr\u00edcula, conforme calend\u00e1rio.<\/span><\/p>\n<p><span style=\"font-weight: 400;\">Diante da suspens\u00e3o das atividades presenciais imposta pela Covid-19, o envio da documenta\u00e7\u00e3o referente \u00e0 matr\u00edcula dos processo seletivos ser\u00e1 feito remotamente, conforme previsto na resolu\u00e7\u00e3o 52\/2020-CONSU. O requerimento de matr\u00edcula \u00e9 a fase na qual o aprovado deve apresentar os documentos necess\u00e1rios para finalizar o processo de ingresso na UFJF e, caso n\u00e3o seja feito dentro do prazo, a perda da vaga \u00e9 autom\u00e1tica.<\/span><\/p>\n<p><span style=\"font-weight: 400;\">Os ingressantes devem acompanhar o cronograma no site da Coordenadoria de Assuntos e Registros Acad\u00eamicos (Cdara) e realizar a matr\u00edcula e envio de documentos atrav\u00e9s do Sistema de Gest\u00e3o Acad\u00eamica (Siga).<\/span><\/p>\n<p><span style=\"font-weight: 400;\">\u00c9 imprescind\u00edvel que os aprovados sigam as orienta\u00e7\u00f5es de datas referentes ao cronograma da Cdara, tanto para matr\u00edcula quanto para pr\u00e9-matr\u00edcula, pois as duas fases s\u00e3o obrigat\u00f3rias.\u00a0<\/span><\/p>\n<p><b>Do processo de matr\u00edcula<\/b><\/p>\n<p><span style=\"font-weight: 400;\">O candidato aprovado dever\u00e1 entrar no<\/span><a href=\"https:\/\/siga.ufjf.br\/\"><span style=\"font-weight: 400;\"> Siga<\/span><\/a><span style=\"font-weight: 400;\"> e clicar no campo \u201cMeu primeiro acesso\u201d, localizado na parte inferior da tela. Ap\u00f3s realizar o cadastro, dever\u00e1 clicar na op\u00e7\u00e3o \u201cenvio de documenta\u00e7\u00e3o para a matr\u00edcula\u201d e informar o usu\u00e1rio e senha criados. O estudante dever\u00e1 clicar na aba ingressantes &gt; cadastro. Neste momento \u00e9 necess\u00e1rio a confer\u00eancia das informa\u00e7\u00f5es e dos termos da matr\u00edcula, al\u00e9m do preenchimento das informa\u00e7\u00f5es e dos formul\u00e1rios solicitados. Em seguida, ser\u00e1 aberto um campo para o envio da documenta\u00e7\u00e3o por meio do upload de todos os documentos dos Anexos do Regulamento de Matr\u00edcula da UFJF (Resolu\u00e7\u00e3o 51\/2019-CONSU), conforme o grupo de ingresso do candidato. Todas as informa\u00e7\u00f5es contidas nos documentos dever\u00e3o estar leg\u00edveis, sem rasuras ou cortes.\u00a0\u00a0<\/span><\/p>\n<p><span style=\"font-weight: 400;\">Ap\u00f3s terminar o processo, o candidato receber\u00e1, em at\u00e9 48 horas contando da finaliza\u00e7\u00e3o do \u00faltimo dia de prazo para requerimento da matr\u00edcula, um protocolo provis\u00f3rio que confirma a realiza\u00e7\u00e3o da matr\u00edcula.<\/span><\/p>\n<p><span style=\"font-weight: 400;\">J\u00e1 os rec\u00e9m-aprovados que j\u00e1 possuem acesso ao <\/span><a href=\"https:\/\/siga.ufjf.br\/\"><span style=\"font-weight: 400;\">S<\/span><\/a><span style=\"font-weight: 400;\">i<\/span><span style=\"font-weight: 400;\">ga<\/span><span style=\"font-weight: 400;\"> (ex-alunos da UFJF) dever\u00e3o logar no sistema com a senha atual e clicar na op\u00e7\u00e3o \u201cenviar documenta\u00e7\u00e3o para a matr\u00edcula\u201d. Sem a necessidade de iniciar o primeiro acesso, seguindo as demais etapas<\/span><\/p>\n<p><b>Servi\u00e7o oferecido pela Central de Atendimento (CAT)<\/b><\/p>\n<p><span style=\"font-weight: 400;\">Exclusivamente para os candidatos que n\u00e3o tiverem acesso a um computador e\/ou internet para envio dos documentos, a Central de Atendimento do campus de Juiz de Fora e o Setor de Gradua\u00e7\u00e3o do campus de Governador Valadares disponibilizar\u00e3o as ferramentas necess\u00e1rias para\u00a0 procedimento (computador, internet e scanner).\u00a0<\/span><\/p>\n<p><span style=\"font-weight: 400;\">O acesso ser\u00e1 feito mediante agendamento pr\u00e9vio atrav\u00e9s dos seguintes canais: Governador Valadares, por meio do e-mail graduacao.gv@ufjf.edu.br e Juiz de Fora pelo e-mail faleconosco@ufjf.edu.br ou telefone\/WhatsApp (32) 2102-3911.\u00a0<\/span><\/p>\n<p><span style=\"font-weight: 400;\">Os candidatos que utilizarem a estrutura f\u00edsica da Central de Atendimento devem estar cientes de que o setor n\u00e3o far\u00e1 a confer\u00eancia de documentos escaneados e enviados, sendo responsabilidade exclusiva do candidato a sele\u00e7\u00e3o e o envio correto dos documentos, segundo a Resolu\u00e7\u00e3o de Matr\u00edcula.<\/span><\/p>\n<p><b>Documenta\u00e7\u00e3o\u00a0<\/b><\/p>\n<p><span style=\"font-weight: 400;\">Os candidatos aprovados dever\u00e3o anexar a documenta\u00e7\u00e3o referente ao grupo ao grupo escolhido, conforme o site da Consu<\/span><\/p>\n<p><span style=\"font-weight: 400;\">Os candidatos selecionados para as vagas reservadas para negros (pretos ou pardos) e ind\u00edgenas pertencentes aos grupos de reservas de vagas A e D devem, obrigatoriamente, submeter-se \u00e0 banca de heteroidentifica\u00e7\u00e3o, que ser\u00e1 realizada por webconfer\u00eancia, conforme Resolu\u00e7\u00e3o 52\/2020 \u2013 CONSU. Os candidato ser\u00e3o convocados pelo e-mail cadastrado no Siga. Tamb\u00e9m ser\u00e3o divulgadas na p\u00e1gina da Cdara, as informa\u00e7\u00f5es de data e hor\u00e1rio individuais, para comparecimento \u00e0 sala virtual onde ser\u00e1 realizado o procedimento de heteroidentifica\u00e7\u00e3o.<\/span><\/p>\n<p><span style=\"font-weight: 400;\">A UFJF n\u00e3o se responsabiliza por requerimentos de matr\u00edcula n\u00e3o recebidos devido a falhas de comunica\u00e7\u00e3o, bem como a outros fatores de ordem t\u00e9cnica, que impossibilitem o envio dos documentos.<\/span><\/p>\n<p><strong>Fonte:<\/strong> Assessoria<\/p>\n","protected":false},"excerpt":{"rendered":"<p>Come\u00e7a nesta quarta-feira (11), e segue at\u00e9 o dia 18, o processo de\u00a0 matr\u00edcula para os aprovados no segundo semestre de 2020 pelo Programa de Ingresso Seletivo Misto (Pism) e pela sele\u00e7\u00e3o especial para o curso de Letras\/Libras na Universidade Federal de Juiz de Fora (UFJF). J\u00e1 os aprovados na chamada regular do Ensino a [&hellip;]<\/p>\n","protected":false},"author":96,"featured_media":172689,"comment_status":"closed","ping_status":"closed","sticky":false,"template":"","format":"standard","meta":{"footnotes":""},"categories":[253,436,440,439],"tags":[],"class_list":["post-172688","post","type-post","status-publish","format-standard","has-post-thumbnail","hentry","category-cidade","category-destaque-da-semana","category-destaques-do-dia","category-ultima-hora"],"_links":{"self":[{"href":"https:\/\/diarioregionaldigital.com.br\/index.php?rest_route=\/wp\/v2\/posts\/172688","targetHints":{"allow":["GET"]}}],"collection":[{"href":"https:\/\/diarioregionaldigital.com.br\/index.php?rest_route=\/wp\/v2\/posts"}],"about":[{"href":"https:\/\/diarioregionaldigital.com.br\/index.php?rest_route=\/wp\/v2\/types\/post"}],"author":[{"embeddable":true,"href":"https:\/\/diarioregionaldigital.com.br\/index.php?rest_route=\/wp\/v2\/users\/96"}],"replies":[{"embeddable":true,"href":"https:\/\/diarioregionaldigital.com.br\/index.php?rest_route=%2Fwp%2Fv2%2Fcomments&post=172688"}],"version-history":[{"count":0,"href":"https:\/\/diarioregionaldigital.com.br\/index.php?rest_route=\/wp\/v2\/posts\/172688\/revisions"}],"wp:featuredmedia":[{"embeddable":true,"href":"https:\/\/diarioregionaldigital.com.br\/index.php?rest_route=\/wp\/v2\/media\/172689"}],"wp:attachment":[{"href":"https:\/\/diarioregionaldigital.com.br\/index.php?rest_route=%2Fwp%2Fv2%2Fmedia&parent=172688"}],"wp:term":[{"taxonomy":"category","embeddable":true,"href":"https:\/\/diarioregionaldigital.com.br\/index.php?rest_route=%2Fwp%2Fv2%2Fcategories&post=172688"},{"taxonomy":"post_tag","embeddable":true,"href":"https:\/\/diarioregionaldigital.com.br\/index.php?rest_route=%2Fwp%2Fv2%2Ftags&post=172688"}],"curies":[{"name":"wp","href":"https:\/\/api.w.org\/{rel}","templated":true}]}}