{"id":172683,"date":"2020-11-10T14:57:09","date_gmt":"2020-11-10T17:57:09","guid":{"rendered":"https:\/\/diarioregionaldigital.com.br\/?p=172683"},"modified":"2020-11-10T14:58:10","modified_gmt":"2020-11-10T17:58:10","slug":"homem-e-agredido-por-assaltantes-na-regiao-norte","status":"publish","type":"post","link":"https:\/\/diarioregionaldigital.com.br\/?p=172683","title":{"rendered":"Homem \u00e9 agredido por assaltantes na Regi\u00e3o Norte"},"content":{"rendered":"<p>Um homem de 43 anos, relatou \u00e0 Pol\u00edcia Militar (PM), que na noite de s\u00e1bado (7), andava em dire\u00e7\u00e3o ao Bairro Benfica (Regi\u00e3o Norte), quando em um determinado momento foi abordado por tr\u00eas indiv\u00edduos. Durante o ato, um dos autores aplicou uma gravata e o puxou para a Estrada do Caracol. A v\u00edtima teve seu celular roubado, al\u00e9m da quantia de R$ 200,00 em dinheiro.<\/p>\n<p>O rapaz foi agredido pelos assaltantes e por conta disso, foi encaminhado para a UPA NORTE, tendo escoria\u00e7\u00f5es no rosto, nas pernas e ferimentos na boca. V\u00edtima relatou que na data do fato, fez uso de bebida alco\u00f3lica, relatando ainda que n\u00e3o acionou o 190 devido aos seus ferimentos.<\/p>\n","protected":false},"excerpt":{"rendered":"<p>Um homem de 43 anos, relatou \u00e0 Pol\u00edcia Militar (PM), que na noite de s\u00e1bado (7), andava em dire\u00e7\u00e3o ao Bairro Benfica (Regi\u00e3o Norte), quando em um determinado momento foi abordado por tr\u00eas indiv\u00edduos. Durante o ato, um dos autores aplicou uma gravata e o puxou para a Estrada do Caracol. A v\u00edtima teve seu [&hellip;]<\/p>\n","protected":false},"author":96,"featured_media":172684,"comment_status":"closed","ping_status":"closed","sticky":false,"template":"","format":"standard","meta":{"footnotes":""},"categories":[301,436,440,439],"tags":[],"class_list":["post-172683","post","type-post","status-publish","format-standard","has-post-thumbnail","hentry","category-artigos-policiais","category-destaque-da-semana","category-destaques-do-dia","category-ultima-hora"],"_links":{"self":[{"href":"https:\/\/diarioregionaldigital.com.br\/index.php?rest_route=\/wp\/v2\/posts\/172683","targetHints":{"allow":["GET"]}}],"collection":[{"href":"https:\/\/diarioregionaldigital.com.br\/index.php?rest_route=\/wp\/v2\/posts"}],"about":[{"href":"https:\/\/diarioregionaldigital.com.br\/index.php?rest_route=\/wp\/v2\/types\/post"}],"author":[{"embeddable":true,"href":"https:\/\/diarioregionaldigital.com.br\/index.php?rest_route=\/wp\/v2\/users\/96"}],"replies":[{"embeddable":true,"href":"https:\/\/diarioregionaldigital.com.br\/index.php?rest_route=%2Fwp%2Fv2%2Fcomments&post=172683"}],"version-history":[{"count":0,"href":"https:\/\/diarioregionaldigital.com.br\/index.php?rest_route=\/wp\/v2\/posts\/172683\/revisions"}],"wp:featuredmedia":[{"embeddable":true,"href":"https:\/\/diarioregionaldigital.com.br\/index.php?rest_route=\/wp\/v2\/media\/172684"}],"wp:attachment":[{"href":"https:\/\/diarioregionaldigital.com.br\/index.php?rest_route=%2Fwp%2Fv2%2Fmedia&parent=172683"}],"wp:term":[{"taxonomy":"category","embeddable":true,"href":"https:\/\/diarioregionaldigital.com.br\/index.php?rest_route=%2Fwp%2Fv2%2Fcategories&post=172683"},{"taxonomy":"post_tag","embeddable":true,"href":"https:\/\/diarioregionaldigital.com.br\/index.php?rest_route=%2Fwp%2Fv2%2Ftags&post=172683"}],"curies":[{"name":"wp","href":"https:\/\/api.w.org\/{rel}","templated":true}]}}