{"id":172680,"date":"2020-11-10T14:51:01","date_gmt":"2020-11-10T17:51:01","guid":{"rendered":"https:\/\/diarioregionaldigital.com.br\/?p=172680"},"modified":"2020-11-10T14:51:01","modified_gmt":"2020-11-10T17:51:01","slug":"jovens-sao-assaltados-no-bairro-ladeira","status":"publish","type":"post","link":"https:\/\/diarioregionaldigital.com.br\/?p=172680","title":{"rendered":"Jovens s\u00e3o assaltados no Bairro Ladeira"},"content":{"rendered":"<p>Na noite de segunda-feira (9), um rapaz de 22 anos e uma mulher de 20, foram v\u00edtimas de assalto no Bairro Ladeira (Regi\u00e3o Leste) em Juiz de Fora. Eles relataram \u00e0 Pol\u00edcia Militar (PM), que transitavam pela Avenida Rio Branco, quando em um determinado momento, foram abordados por dois indiv\u00edduos sendo um deles branco, cabelos grisalhos<br \/>\noutro, moreno, camisa cinza e bermuda preta.<\/p>\n<p>Um dos autores estava com posse de faca e anunciou o assalto. Diante das amea\u00e7as, o rapaz entregou o telefone celular e a quantia de R$ 600,00 em dinheiro. No caso da mulher, nada foi roubado. Ap\u00f3s o ato, os suspeitos fugiram do local.<\/p>\n<p>O jovem teve seus pertences encontrados por terceiros e posteriormente entregues na resid\u00eancia da v\u00edtima.<\/p>\n","protected":false},"excerpt":{"rendered":"<p>Na noite de segunda-feira (9), um rapaz de 22 anos e uma mulher de 20, foram v\u00edtimas de assalto no Bairro Ladeira (Regi\u00e3o Leste) em Juiz de Fora. Eles relataram \u00e0 Pol\u00edcia Militar (PM), que transitavam pela Avenida Rio Branco, quando em um determinado momento, foram abordados por dois indiv\u00edduos sendo um deles branco, cabelos [&hellip;]<\/p>\n","protected":false},"author":96,"featured_media":172681,"comment_status":"closed","ping_status":"closed","sticky":false,"template":"","format":"standard","meta":{"footnotes":""},"categories":[301,436,439],"tags":[],"class_list":["post-172680","post","type-post","status-publish","format-standard","has-post-thumbnail","hentry","category-artigos-policiais","category-destaque-da-semana","category-ultima-hora"],"_links":{"self":[{"href":"https:\/\/diarioregionaldigital.com.br\/index.php?rest_route=\/wp\/v2\/posts\/172680","targetHints":{"allow":["GET"]}}],"collection":[{"href":"https:\/\/diarioregionaldigital.com.br\/index.php?rest_route=\/wp\/v2\/posts"}],"about":[{"href":"https:\/\/diarioregionaldigital.com.br\/index.php?rest_route=\/wp\/v2\/types\/post"}],"author":[{"embeddable":true,"href":"https:\/\/diarioregionaldigital.com.br\/index.php?rest_route=\/wp\/v2\/users\/96"}],"replies":[{"embeddable":true,"href":"https:\/\/diarioregionaldigital.com.br\/index.php?rest_route=%2Fwp%2Fv2%2Fcomments&post=172680"}],"version-history":[{"count":0,"href":"https:\/\/diarioregionaldigital.com.br\/index.php?rest_route=\/wp\/v2\/posts\/172680\/revisions"}],"wp:featuredmedia":[{"embeddable":true,"href":"https:\/\/diarioregionaldigital.com.br\/index.php?rest_route=\/wp\/v2\/media\/172681"}],"wp:attachment":[{"href":"https:\/\/diarioregionaldigital.com.br\/index.php?rest_route=%2Fwp%2Fv2%2Fmedia&parent=172680"}],"wp:term":[{"taxonomy":"category","embeddable":true,"href":"https:\/\/diarioregionaldigital.com.br\/index.php?rest_route=%2Fwp%2Fv2%2Fcategories&post=172680"},{"taxonomy":"post_tag","embeddable":true,"href":"https:\/\/diarioregionaldigital.com.br\/index.php?rest_route=%2Fwp%2Fv2%2Ftags&post=172680"}],"curies":[{"name":"wp","href":"https:\/\/api.w.org\/{rel}","templated":true}]}}