{"id":172669,"date":"2020-11-10T14:21:29","date_gmt":"2020-11-10T17:21:29","guid":{"rendered":"https:\/\/diarioregionaldigital.com.br\/?p=172669"},"modified":"2020-11-10T14:21:29","modified_gmt":"2020-11-10T17:21:29","slug":"estado-tem-343-728-pacientes-recuperados-do-coronavirus","status":"publish","type":"post","link":"https:\/\/diarioregionaldigital.com.br\/?p=172669","title":{"rendered":"Estado tem 343.728 pacientes recuperados do Coronav\u00edrus"},"content":{"rendered":"<p>O novo\u00a0<a href=\"https:\/\/www.saude.mg.gov.br\/images\/1_noticias\/10_2020\/2_out-nov-dez\/10-11-BoletimEpidemiologico_COVID19.pdf\">boletim epidemiol\u00f3gico<\/a> publicado nesta ter\u00e7a-feira (10), pela Secretaria de Estado da Sa\u00fade de Minas Gerais (SES-MG), informa que 343.728 pacientes est\u00e3o recuperados do Coronav\u00edrus, representando 92,2% dos casos. De acordo com o levantamento, nas \u00faltimas 24h, foram notificadas mais 1.491 novos casos da doen\u00e7a. No acumulado, s\u00e3o 372.482 pessoas infectadas.<\/p>\n<p>Quanto ao total de \u00f3bitos notificados, a SES-MG informa que os dados n\u00e3o foram atualizados, pois o SIVEP-Gripe, sistema utilizado pelo Minist\u00e9rio da Sa\u00fade, passa pro problemas t\u00e9cnicos.<\/p>\n<p>&nbsp;<\/p>\n","protected":false},"excerpt":{"rendered":"<p>O novo\u00a0boletim epidemiol\u00f3gico publicado nesta ter\u00e7a-feira (10), pela Secretaria de Estado da Sa\u00fade de Minas Gerais (SES-MG), informa que 343.728 pacientes est\u00e3o recuperados do Coronav\u00edrus, representando 92,2% dos casos. De acordo com o levantamento, nas \u00faltimas 24h, foram notificadas mais 1.491 novos casos da doen\u00e7a. No acumulado, s\u00e3o 372.482 pessoas infectadas. Quanto ao total de [&hellip;]<\/p>\n","protected":false},"author":96,"featured_media":163486,"comment_status":"closed","ping_status":"closed","sticky":false,"template":"","format":"standard","meta":{"footnotes":""},"categories":[436,440,252,439],"tags":[],"class_list":["post-172669","post","type-post","status-publish","format-standard","has-post-thumbnail","hentry","category-destaque-da-semana","category-destaques-do-dia","category-regiao","category-ultima-hora"],"_links":{"self":[{"href":"https:\/\/diarioregionaldigital.com.br\/index.php?rest_route=\/wp\/v2\/posts\/172669","targetHints":{"allow":["GET"]}}],"collection":[{"href":"https:\/\/diarioregionaldigital.com.br\/index.php?rest_route=\/wp\/v2\/posts"}],"about":[{"href":"https:\/\/diarioregionaldigital.com.br\/index.php?rest_route=\/wp\/v2\/types\/post"}],"author":[{"embeddable":true,"href":"https:\/\/diarioregionaldigital.com.br\/index.php?rest_route=\/wp\/v2\/users\/96"}],"replies":[{"embeddable":true,"href":"https:\/\/diarioregionaldigital.com.br\/index.php?rest_route=%2Fwp%2Fv2%2Fcomments&post=172669"}],"version-history":[{"count":0,"href":"https:\/\/diarioregionaldigital.com.br\/index.php?rest_route=\/wp\/v2\/posts\/172669\/revisions"}],"wp:featuredmedia":[{"embeddable":true,"href":"https:\/\/diarioregionaldigital.com.br\/index.php?rest_route=\/wp\/v2\/media\/163486"}],"wp:attachment":[{"href":"https:\/\/diarioregionaldigital.com.br\/index.php?rest_route=%2Fwp%2Fv2%2Fmedia&parent=172669"}],"wp:term":[{"taxonomy":"category","embeddable":true,"href":"https:\/\/diarioregionaldigital.com.br\/index.php?rest_route=%2Fwp%2Fv2%2Fcategories&post=172669"},{"taxonomy":"post_tag","embeddable":true,"href":"https:\/\/diarioregionaldigital.com.br\/index.php?rest_route=%2Fwp%2Fv2%2Ftags&post=172669"}],"curies":[{"name":"wp","href":"https:\/\/api.w.org\/{rel}","templated":true}]}}