{"id":172663,"date":"2020-11-10T06:00:57","date_gmt":"2020-11-10T09:00:57","guid":{"rendered":"https:\/\/diarioregionaldigital.com.br\/?p=172663"},"modified":"2020-11-10T03:37:05","modified_gmt":"2020-11-10T06:37:05","slug":"saude-4","status":"publish","type":"post","link":"https:\/\/diarioregionaldigital.com.br\/?p=172663","title":{"rendered":"Sa\u00fade"},"content":{"rendered":"<p style=\"text-align: center;\"><strong>Olha eleeee&#8230;<\/strong><\/p>\n<p style=\"text-align: center;\">Sucesso absoluto como galerista e ator em Jo\u00e3o Pessoa (PB), Nelson Rossiter teve tr\u00eas curtas com os temas \u201cCumplicidade Brasileira\u201d, \u201cMais Humano\u201d e \u201cExperimento L\u00edquido\u201d, selecionados para o Comunicurtas \u2013 Festival audiovisual de Campina Grande. Ao todo, foram inscritos 597 trabalhos de todo o Brasil, dos mais 77 foram selecionados.<\/p>\n<p style=\"text-align: center;\"><strong>Sa\u00fade<\/strong><\/p>\n<p style=\"text-align: center;\">Sempre antenada com os rumos da sa\u00fade, a m\u00e9dica psiquiatra Elimar Jacob Salzer Rodrigues em seu blog, falou sobre Aicmofobia. Trata-se de um dos tipos de fobias: medo irracional, ou excessivo de agulhas, alfinetes ou inje\u00e7\u00f5es. A simples ideia de inje\u00e7\u00e3o desencadeia resposta imediata de ansiedade. Afeta de 3,5 a 10% da popula\u00e7\u00e3o do mundo. Vale \u00e0 pena conferir.<\/p>\n<p style=\"text-align: center;\"><strong>Gargalos<\/strong><\/p>\n<p style=\"text-align: center;\">Obras inacabadas em Juiz de Fora ser\u00e1 o desafio para o novo prefeito. Dentro elas destaco: Hospital Regional e o Gin\u00e1sio Poliesportivo Jornalista Ant\u00f4nio Marcos. Obras com certeza demander\u00e3o lideran\u00e7a e articula\u00e7\u00e3o politica.<\/p>\n<p style=\"text-align: center;\"><strong>\u00d3tima Not\u00edcia<\/strong><\/p>\n<p style=\"text-align: center;\">Depois de 10 dias internado no Monte Sinai com Covid 19, o amigo colunista Cesar Romero teve alta e j\u00e1 est\u00e1 em casa para o bem de todos e felicidade geral da na\u00e7\u00e3o.<\/p>\n<p style=\"text-align: center;\"><strong>Compromisso<\/strong><\/p>\n<p style=\"text-align: center;\">Com o avan\u00e7o de algumas ondas de flexibiliza\u00e7\u00e3o, o atendimento a contribuintes com d\u00e9bito inscrito na D\u00edvida Ativa do munic\u00edpio voltou a ser realizado no Espa\u00e7o Cidad\u00e3o. De 2\u00aa a 6\u00aa de 8h \u00e1s 14h.<\/p>\n<p style=\"text-align: center;\"><strong>Up:<\/strong> Novembro \u00e9 m\u00eas bom para: Se perder pelos vales encantados da serra de Ibitipoca, no cora\u00e7\u00e3o verde de Minas Gerais.<\/p>\n<div id=\"attachment_172650\" style=\"width: 690px\" class=\"wp-caption aligncenter\"><img loading=\"lazy\" decoding=\"async\" aria-describedby=\"caption-attachment-172650\" class=\"wp-image-172650\" src=\"https:\/\/diarioregionaldigital.com.br\/wp-content\/uploads\/2020\/11\/fotoa-5-e1604989801814.jpg\" alt=\"\" width=\"680\" height=\"523\" srcset=\"https:\/\/diarioregionaldigital.com.br\/wp-content\/uploads\/2020\/11\/fotoa-5-e1604989801814.jpg 1022w, https:\/\/diarioregionaldigital.com.br\/wp-content\/uploads\/2020\/11\/fotoa-5-e1604989801814-300x231.jpg 300w, https:\/\/diarioregionaldigital.com.br\/wp-content\/uploads\/2020\/11\/fotoa-5-e1604989801814-768x591.jpg 768w, https:\/\/diarioregionaldigital.com.br\/wp-content\/uploads\/2020\/11\/fotoa-5-e1604989801814-360x277.jpg 360w\" sizes=\"auto, (max-width: 680px) 100vw, 680px\" \/><p id=\"caption-attachment-172650\" class=\"wp-caption-text\">Um foco de luz na bonita Consultora de Imagem e Estilo, Lidiane Stambassi<\/p><\/div>\n<div id=\"attachment_172651\" style=\"width: 690px\" class=\"wp-caption aligncenter\"><img loading=\"lazy\" decoding=\"async\" aria-describedby=\"caption-attachment-172651\" class=\"wp-image-172651\" src=\"https:\/\/diarioregionaldigital.com.br\/wp-content\/uploads\/2020\/11\/fotob-3-e1604989834753.jpg\" alt=\"\" width=\"680\" height=\"527\" srcset=\"https:\/\/diarioregionaldigital.com.br\/wp-content\/uploads\/2020\/11\/fotob-3-e1604989834753.jpg 1431w, https:\/\/diarioregionaldigital.com.br\/wp-content\/uploads\/2020\/11\/fotob-3-e1604989834753-300x232.jpg 300w, https:\/\/diarioregionaldigital.com.br\/wp-content\/uploads\/2020\/11\/fotob-3-e1604989834753-1024x793.jpg 1024w, https:\/\/diarioregionaldigital.com.br\/wp-content\/uploads\/2020\/11\/fotob-3-e1604989834753-768x595.jpg 768w, https:\/\/diarioregionaldigital.com.br\/wp-content\/uploads\/2020\/11\/fotob-3-e1604989834753-360x279.jpg 360w\" sizes=\"auto, (max-width: 680px) 100vw, 680px\" \/><p id=\"caption-attachment-172651\" class=\"wp-caption-text\">O universit\u00e1rio Jos\u00e9 M\u00e1rio Martins Felix, em cena natureza-viva, sem filtro<\/p><\/div>\n<div id=\"attachment_172652\" style=\"width: 690px\" class=\"wp-caption aligncenter\"><img loading=\"lazy\" decoding=\"async\" aria-describedby=\"caption-attachment-172652\" class=\"wp-image-172652\" src=\"https:\/\/diarioregionaldigital.com.br\/wp-content\/uploads\/2020\/11\/fotoc-4-e1604989870359.jpg\" alt=\"\" width=\"680\" height=\"499\" srcset=\"https:\/\/diarioregionaldigital.com.br\/wp-content\/uploads\/2020\/11\/fotoc-4-e1604989870359.jpg 429w, https:\/\/diarioregionaldigital.com.br\/wp-content\/uploads\/2020\/11\/fotoc-4-e1604989870359-300x220.jpg 300w, https:\/\/diarioregionaldigital.com.br\/wp-content\/uploads\/2020\/11\/fotoc-4-e1604989870359-360x264.jpg 360w\" sizes=\"auto, (max-width: 680px) 100vw, 680px\" \/><p id=\"caption-attachment-172652\" class=\"wp-caption-text\">A bel\u00edssima Sabrina Duarte, faz um brinde a esta coluna social, direto de sua adega particular<\/p><\/div>\n<div id=\"attachment_172659\" style=\"width: 690px\" class=\"wp-caption aligncenter\"><img loading=\"lazy\" decoding=\"async\" aria-describedby=\"caption-attachment-172659\" class=\"wp-image-172659\" src=\"https:\/\/diarioregionaldigital.com.br\/wp-content\/uploads\/2020\/11\/fotoj-e1604990069416.jpeg\" alt=\"\" width=\"680\" height=\"517\" srcset=\"https:\/\/diarioregionaldigital.com.br\/wp-content\/uploads\/2020\/11\/fotoj-e1604990069416.jpeg 948w, https:\/\/diarioregionaldigital.com.br\/wp-content\/uploads\/2020\/11\/fotoj-e1604990069416-300x228.jpeg 300w, https:\/\/diarioregionaldigital.com.br\/wp-content\/uploads\/2020\/11\/fotoj-e1604990069416-768x584.jpeg 768w, https:\/\/diarioregionaldigital.com.br\/wp-content\/uploads\/2020\/11\/fotoj-e1604990069416-360x274.jpeg 360w\" sizes=\"auto, (max-width: 680px) 100vw, 680px\" \/><p id=\"caption-attachment-172659\" class=\"wp-caption-text\">O professor de dan\u00e7a de JF Bruno Jonhson com Nequinho da Beija-Flor, no Rio<\/p><\/div>\n<div id=\"attachment_172653\" style=\"width: 690px\" class=\"wp-caption aligncenter\"><img loading=\"lazy\" decoding=\"async\" aria-describedby=\"caption-attachment-172653\" class=\"wp-image-172653\" src=\"https:\/\/diarioregionaldigital.com.br\/wp-content\/uploads\/2020\/11\/fotod-4-e1604989901308.jpg\" alt=\"\" width=\"680\" height=\"532\" srcset=\"https:\/\/diarioregionaldigital.com.br\/wp-content\/uploads\/2020\/11\/fotod-4-e1604989901308.jpg 638w, https:\/\/diarioregionaldigital.com.br\/wp-content\/uploads\/2020\/11\/fotod-4-e1604989901308-300x235.jpg 300w, https:\/\/diarioregionaldigital.com.br\/wp-content\/uploads\/2020\/11\/fotod-4-e1604989901308-360x282.jpg 360w\" sizes=\"auto, (max-width: 680px) 100vw, 680px\" \/><p id=\"caption-attachment-172653\" class=\"wp-caption-text\">O pequeno Hugo completando um aninho posou com o papai-coruja Diogo Souza Gomes<\/p><\/div>\n<div id=\"attachment_172654\" style=\"width: 690px\" class=\"wp-caption aligncenter\"><img loading=\"lazy\" decoding=\"async\" aria-describedby=\"caption-attachment-172654\" class=\"wp-image-172654\" src=\"https:\/\/diarioregionaldigital.com.br\/wp-content\/uploads\/2020\/11\/fotoe-3-e1604989942449.jpg\" alt=\"\" width=\"680\" height=\"528\" srcset=\"https:\/\/diarioregionaldigital.com.br\/wp-content\/uploads\/2020\/11\/fotoe-3-e1604989942449.jpg 601w, https:\/\/diarioregionaldigital.com.br\/wp-content\/uploads\/2020\/11\/fotoe-3-e1604989942449-300x233.jpg 300w, https:\/\/diarioregionaldigital.com.br\/wp-content\/uploads\/2020\/11\/fotoe-3-e1604989942449-360x280.jpg 360w\" sizes=\"auto, (max-width: 680px) 100vw, 680px\" \/><p id=\"caption-attachment-172654\" class=\"wp-caption-text\">Gente querida na Associa\u00e7\u00e3o dos blocos de JF: Beth Ank e Carlos Barbosa<\/p><\/div>\n<div id=\"attachment_172655\" style=\"width: 690px\" class=\"wp-caption aligncenter\"><img loading=\"lazy\" decoding=\"async\" aria-describedby=\"caption-attachment-172655\" class=\"wp-image-172655\" src=\"https:\/\/diarioregionaldigital.com.br\/wp-content\/uploads\/2020\/11\/fotof-3.jpg\" alt=\"\" width=\"680\" height=\"510\" srcset=\"https:\/\/diarioregionaldigital.com.br\/wp-content\/uploads\/2020\/11\/fotof-3.jpg 960w, https:\/\/diarioregionaldigital.com.br\/wp-content\/uploads\/2020\/11\/fotof-3-300x225.jpg 300w, https:\/\/diarioregionaldigital.com.br\/wp-content\/uploads\/2020\/11\/fotof-3-768x576.jpg 768w, https:\/\/diarioregionaldigital.com.br\/wp-content\/uploads\/2020\/11\/fotof-3-360x270.jpg 360w\" sizes=\"auto, (max-width: 680px) 100vw, 680px\" \/><p id=\"caption-attachment-172655\" class=\"wp-caption-text\">O professor e nutricionista Renato Nunes tirou a m\u00e1scara e posou com seu cabelereiro Abel<\/p><\/div>\n<div id=\"attachment_172656\" style=\"width: 690px\" class=\"wp-caption aligncenter\"><img loading=\"lazy\" decoding=\"async\" aria-describedby=\"caption-attachment-172656\" class=\"wp-image-172656\" src=\"https:\/\/diarioregionaldigital.com.br\/wp-content\/uploads\/2020\/11\/fotog-4.jpg\" alt=\"\" width=\"680\" height=\"448\" srcset=\"https:\/\/diarioregionaldigital.com.br\/wp-content\/uploads\/2020\/11\/fotog-4.jpg 1333w, https:\/\/diarioregionaldigital.com.br\/wp-content\/uploads\/2020\/11\/fotog-4-300x198.jpg 300w, https:\/\/diarioregionaldigital.com.br\/wp-content\/uploads\/2020\/11\/fotog-4-1024x675.jpg 1024w, https:\/\/diarioregionaldigital.com.br\/wp-content\/uploads\/2020\/11\/fotog-4-768x506.jpg 768w, https:\/\/diarioregionaldigital.com.br\/wp-content\/uploads\/2020\/11\/fotog-4-360x237.jpg 360w\" sizes=\"auto, (max-width: 680px) 100vw, 680px\" \/><p id=\"caption-attachment-172656\" class=\"wp-caption-text\">Em momento especial, o fot\u00f3grafo \u00c2ngelo Savastano com Dario J\u00falio Lopes<\/p><\/div>\n<div id=\"attachment_172658\" style=\"width: 690px\" class=\"wp-caption aligncenter\"><img loading=\"lazy\" decoding=\"async\" aria-describedby=\"caption-attachment-172658\" class=\"wp-image-172658\" src=\"https:\/\/diarioregionaldigital.com.br\/wp-content\/uploads\/2020\/11\/fotoi-3-e1604990022618.jpg\" alt=\"\" width=\"680\" height=\"496\" srcset=\"https:\/\/diarioregionaldigital.com.br\/wp-content\/uploads\/2020\/11\/fotoi-3-e1604990022618.jpg 940w, https:\/\/diarioregionaldigital.com.br\/wp-content\/uploads\/2020\/11\/fotoi-3-e1604990022618-300x219.jpg 300w, https:\/\/diarioregionaldigital.com.br\/wp-content\/uploads\/2020\/11\/fotoi-3-e1604990022618-768x560.jpg 768w, https:\/\/diarioregionaldigital.com.br\/wp-content\/uploads\/2020\/11\/fotoi-3-e1604990022618-360x263.jpg 360w\" sizes=\"auto, (max-width: 680px) 100vw, 680px\" \/><p id=\"caption-attachment-172658\" class=\"wp-caption-text\">O lindo casal Gesane Luchessi Whitaker e Stefen Vianna Whitaker, amantes dos animais<\/p><\/div>\n<div id=\"attachment_172657\" style=\"width: 690px\" class=\"wp-caption aligncenter\"><img loading=\"lazy\" decoding=\"async\" aria-describedby=\"caption-attachment-172657\" class=\"wp-image-172657\" src=\"https:\/\/diarioregionaldigital.com.br\/wp-content\/uploads\/2020\/11\/fotoh-2.jpg\" alt=\"\" width=\"680\" height=\"511\" srcset=\"https:\/\/diarioregionaldigital.com.br\/wp-content\/uploads\/2020\/11\/fotoh-2.jpg 960w, https:\/\/diarioregionaldigital.com.br\/wp-content\/uploads\/2020\/11\/fotoh-2-300x226.jpg 300w, https:\/\/diarioregionaldigital.com.br\/wp-content\/uploads\/2020\/11\/fotoh-2-768x578.jpg 768w, https:\/\/diarioregionaldigital.com.br\/wp-content\/uploads\/2020\/11\/fotoh-2-360x271.jpg 360w\" sizes=\"auto, (max-width: 680px) 100vw, 680px\" \/><p id=\"caption-attachment-172657\" class=\"wp-caption-text\">Curtindo c\u00e9u e mar, os diversificados, Marcelo do Carmo e Lelei Faini<\/p><\/div>\n<p style=\"text-align: center;\"><strong>FOTOSS\u00cdNTESE<\/strong><\/p>\n<p>O nov\u00edssimo Sal\u00e3o Independ\u00eancia Beauty est\u00e1 arrasando com sua equipe 5 estrelas: Em cena Jerry Mendes (cabelereiro s\u00eanior), Wanessa Gomes (cabelereira e manicure), Valeska Costa (manicure senior), Marcele Marques (cabelereira), Maria S\u00f4nia (esteticista). A promo\u00e7\u00e3o \u00e9 fa\u00e7a uma escova e ganhe uma nutri\u00e7\u00e3o Wella. Fica na Av. Presidente Itamar Franco, n\u00ba 747 (esquina com Batista de Oliveira). Para marcar: (32) 3211-2826.<\/p>\n<p>Com seu bondosos cora\u00e7\u00e3o, o atacante do Real Madrid, Vinicius J\u00fanior fez uma boa doa\u00e7\u00e3o de m\u00e1scaras para o Hospital Therezinha de Jesus, unidade 100% SUS.<\/p>\n<p>Com Juiz de Fora na onda verde, o Comit\u00ea Extraordin\u00e1rio Covid-19 do Minas Consciente, autorizou os eventos com libera\u00e7\u00e3o para 500 pessoas no m\u00e1ximo. Mas aten\u00e7\u00e3o: seguindo os protocolos, com uso de m\u00e1scara (o grande enigma para comer e beber), \u00e1lcool em gel e distanciamento social, Tomara que d\u00ea certo pois a turma precisa trabalhar.<\/p>\n<p>A cole\u00e7\u00e3o-ver\u00e3o do loja Bonjour est\u00e1 linda, Nas prateleiras Jeans maravilhosas e cores secas e vibrantes revelando o apurad\u00edssimo bom gosto de Ana Paula e Daniela Gervason. Fica localizada na galeria Solar.<\/p>\n<p>Previsto para terminar no dia 15 de novembro, est\u00e1 \u00e0 todo vapor o Festival Petrop\u00f3lis Gourmet com 28 restaurantes servindo do bom e do melhor. O tema \u00e9 \u201cA magia do Fogo\u201d.<\/p>\n<p>Visualizado: \u201cA coruja \u00e9 a ave soberana da noite. Ela tem a capacidade de enxergar atrav\u00e9s da escurid\u00e3o conseguindo ver o que os outros n\u00e3o v\u00eaem\u201d. Bom dia.<\/p>\n<p><img loading=\"lazy\" decoding=\"async\" class=\"aligncenter size-full wp-image-172662\" src=\"https:\/\/diarioregionaldigital.com.br\/wp-content\/uploads\/2020\/11\/anuncio74-scaled.jpg\" alt=\"\" width=\"2560\" height=\"941\" srcset=\"https:\/\/diarioregionaldigital.com.br\/wp-content\/uploads\/2020\/11\/anuncio74-scaled.jpg 2560w, https:\/\/diarioregionaldigital.com.br\/wp-content\/uploads\/2020\/11\/anuncio74-300x110.jpg 300w, https:\/\/diarioregionaldigital.com.br\/wp-content\/uploads\/2020\/11\/anuncio74-1024x377.jpg 1024w, https:\/\/diarioregionaldigital.com.br\/wp-content\/uploads\/2020\/11\/anuncio74-768x282.jpg 768w, https:\/\/diarioregionaldigital.com.br\/wp-content\/uploads\/2020\/11\/anuncio74-1536x565.jpg 1536w, https:\/\/diarioregionaldigital.com.br\/wp-content\/uploads\/2020\/11\/anuncio74-2048x753.jpg 2048w, https:\/\/diarioregionaldigital.com.br\/wp-content\/uploads\/2020\/11\/anuncio74-360x132.jpg 360w\" sizes=\"auto, (max-width: 2560px) 100vw, 2560px\" \/><\/p>\n","protected":false},"excerpt":{"rendered":"<p>Olha eleeee&#8230; Sucesso absoluto como galerista e ator em Jo\u00e3o Pessoa (PB), Nelson Rossiter teve tr\u00eas curtas com os temas \u201cCumplicidade Brasileira\u201d, \u201cMais Humano\u201d e \u201cExperimento L\u00edquido\u201d, selecionados para o Comunicurtas \u2013 Festival audiovisual de Campina Grande. Ao todo, foram inscritos 597 trabalhos de todo o Brasil, dos mais 77 foram selecionados. Sa\u00fade Sempre antenada [&hellip;]<\/p>\n","protected":false},"author":96,"featured_media":172650,"comment_status":"closed","ping_status":"closed","sticky":false,"template":"","format":"standard","meta":{"footnotes":""},"categories":[264],"tags":[],"class_list":["post-172663","post","type-post","status-publish","format-standard","has-post-thumbnail","hentry","category-eduardo-gomes"],"_links":{"self":[{"href":"https:\/\/diarioregionaldigital.com.br\/index.php?rest_route=\/wp\/v2\/posts\/172663","targetHints":{"allow":["GET"]}}],"collection":[{"href":"https:\/\/diarioregionaldigital.com.br\/index.php?rest_route=\/wp\/v2\/posts"}],"about":[{"href":"https:\/\/diarioregionaldigital.com.br\/index.php?rest_route=\/wp\/v2\/types\/post"}],"author":[{"embeddable":true,"href":"https:\/\/diarioregionaldigital.com.br\/index.php?rest_route=\/wp\/v2\/users\/96"}],"replies":[{"embeddable":true,"href":"https:\/\/diarioregionaldigital.com.br\/index.php?rest_route=%2Fwp%2Fv2%2Fcomments&post=172663"}],"version-history":[{"count":0,"href":"https:\/\/diarioregionaldigital.com.br\/index.php?rest_route=\/wp\/v2\/posts\/172663\/revisions"}],"wp:featuredmedia":[{"embeddable":true,"href":"https:\/\/diarioregionaldigital.com.br\/index.php?rest_route=\/wp\/v2\/media\/172650"}],"wp:attachment":[{"href":"https:\/\/diarioregionaldigital.com.br\/index.php?rest_route=%2Fwp%2Fv2%2Fmedia&parent=172663"}],"wp:term":[{"taxonomy":"category","embeddable":true,"href":"https:\/\/diarioregionaldigital.com.br\/index.php?rest_route=%2Fwp%2Fv2%2Fcategories&post=172663"},{"taxonomy":"post_tag","embeddable":true,"href":"https:\/\/diarioregionaldigital.com.br\/index.php?rest_route=%2Fwp%2Fv2%2Ftags&post=172663"}],"curies":[{"name":"wp","href":"https:\/\/api.w.org\/{rel}","templated":true}]}}