{"id":172647,"date":"2020-11-09T21:02:28","date_gmt":"2020-11-10T00:02:28","guid":{"rendered":"https:\/\/diarioregionaldigital.com.br\/?p=172647"},"modified":"2020-11-09T21:02:28","modified_gmt":"2020-11-10T00:02:28","slug":"covid-19-brasil-tem-162-mil-mortes-e-567-milhoes-de-casos-acumulados","status":"publish","type":"post","link":"https:\/\/diarioregionaldigital.com.br\/?p=172647","title":{"rendered":"Covid-19: Brasil tem 162 mil mortes e 5,67 milh\u00f5es de casos acumulados"},"content":{"rendered":"<p>As mortes causadas pela pandemia do novo coronav\u00edrus chegaram a 162.628. Nas \u00faltimas 24 horas, foram registradas 231 mortes.\u00a0Ontem, o sistema de dados sobre a pandemia marcava 162.397 \u00f3bitos. Ainda h\u00e1 2.295 falecimentos em investiga\u00e7\u00e3o, informa\u00e7\u00e3o referente ao dia\u00a04 de novembro.<img decoding=\"async\" src=\"https:\/\/agenciabrasil.ebc.com.br\/ebc.png?id=1392730&amp;o=node\" \/><img decoding=\"async\" src=\"https:\/\/agenciabrasil.ebc.com.br\/ebc.gif?id=1392730&amp;o=node\" \/><\/p>\n<p>Os dados est\u00e3o no balan\u00e7o di\u00e1rio do Minist\u00e9rio da Sa\u00fade, divulgado na noite desta\u00a0segunda-feira (9). A atualiza\u00e7\u00e3o \u00e9 feita a partir das informa\u00e7\u00f5es de mortes e de casos apurados\u00a0pelas secretarias estaduais de sa\u00fade.<\/p>\n<p>O n\u00famero de pessoas infectadas com o novo coronav\u00edrus desde o in\u00edcio da pandemia atingiu 5.675.032. Entre\u00a0ontem\u00a0e\u00a0hoje, foram notificados pelas autoridades estaduais de sa\u00fade 10.917 novos diagn\u00f3sticos positivos para a doen\u00e7a\u00a0Ontem, os dados consolidados pelo Minist\u00e9rio davam conta de 5.664.115 pessoas com covid-19 desde o come\u00e7o da contagem.<\/p>\n<p>O balan\u00e7o n\u00e3o acrescentou novos casos em acompanhamento, permanecendo 364.575 desde o dia\u00a04 de novembro. O mesmo vale para as pessoas que j\u00e1 se recuperaram da doen\u00e7a, totalizando 5.064.344. O Minist\u00e9rio da Sa\u00fade afirmou que a dificuldade na atualiza\u00e7\u00e3o se deu por causa da queda dos seus sistemas internos que ocorreu na semana passada e at\u00e9 o momento vem ensejando dificuldades para a sistematiza\u00e7\u00e3o dos dados.<\/p>\n<p>Os n\u00fameros de casos e de mortes s\u00e3o menores nos domingos e segundas-feiras em fun\u00e7\u00e3o da limita\u00e7\u00e3o de sistematiza\u00e7\u00e3o dos dados e alimenta\u00e7\u00e3o do painel do Minist\u00e9rio da Sa\u00fade\u00a0pelas secretarias estaduais aos fins de semana. J\u00e1 \u00e0s\u00a0ter\u00e7as-feiras os n\u00fameros di\u00e1rios tendem a subir pelo ac\u00famulo de casos do fim de semana reportado neste dia.<\/p>\n<h2>Covid-19 nos estados<\/h2>\n<p>Os estados com mais mortes s\u00e3o S\u00e3o Paulo (39.717), dados ainda do dia 5, Rio\u00a0de Janeiro\u00a0(20.905), Cear\u00e1 (9.404), Minas Gerais (9.204) e Pernambuco (8.740). As Unidades da Federa\u00e7\u00e3o com menos casos s\u00e3o Roraima (695), Acre (701), Amap\u00e1 (764), Tocantins (1.114) e Rond\u00f4nia (1.478).<\/p>\n<div class=\"dnd-atom-rendered\"><strong>Fonte:\u00a0<\/strong>Ag\u00eancia Brasil<\/div>\n","protected":false},"excerpt":{"rendered":"<p>As mortes causadas pela pandemia do novo coronav\u00edrus chegaram a 162.628. Nas \u00faltimas 24 horas, foram registradas 231 mortes.\u00a0Ontem, o sistema de dados sobre a pandemia marcava 162.397 \u00f3bitos. Ainda h\u00e1 2.295 falecimentos em investiga\u00e7\u00e3o, informa\u00e7\u00e3o referente ao dia\u00a04 de novembro. Os dados est\u00e3o no balan\u00e7o di\u00e1rio do Minist\u00e9rio da Sa\u00fade, divulgado na noite desta\u00a0segunda-feira [&hellip;]<\/p>\n","protected":false},"author":96,"featured_media":172648,"comment_status":"closed","ping_status":"closed","sticky":false,"template":"","format":"standard","meta":{"footnotes":""},"categories":[302,436,439],"tags":[],"class_list":["post-172647","post","type-post","status-publish","format-standard","has-post-thumbnail","hentry","category-brasil-mundo","category-destaque-da-semana","category-ultima-hora"],"_links":{"self":[{"href":"https:\/\/diarioregionaldigital.com.br\/index.php?rest_route=\/wp\/v2\/posts\/172647","targetHints":{"allow":["GET"]}}],"collection":[{"href":"https:\/\/diarioregionaldigital.com.br\/index.php?rest_route=\/wp\/v2\/posts"}],"about":[{"href":"https:\/\/diarioregionaldigital.com.br\/index.php?rest_route=\/wp\/v2\/types\/post"}],"author":[{"embeddable":true,"href":"https:\/\/diarioregionaldigital.com.br\/index.php?rest_route=\/wp\/v2\/users\/96"}],"replies":[{"embeddable":true,"href":"https:\/\/diarioregionaldigital.com.br\/index.php?rest_route=%2Fwp%2Fv2%2Fcomments&post=172647"}],"version-history":[{"count":0,"href":"https:\/\/diarioregionaldigital.com.br\/index.php?rest_route=\/wp\/v2\/posts\/172647\/revisions"}],"wp:featuredmedia":[{"embeddable":true,"href":"https:\/\/diarioregionaldigital.com.br\/index.php?rest_route=\/wp\/v2\/media\/172648"}],"wp:attachment":[{"href":"https:\/\/diarioregionaldigital.com.br\/index.php?rest_route=%2Fwp%2Fv2%2Fmedia&parent=172647"}],"wp:term":[{"taxonomy":"category","embeddable":true,"href":"https:\/\/diarioregionaldigital.com.br\/index.php?rest_route=%2Fwp%2Fv2%2Fcategories&post=172647"},{"taxonomy":"post_tag","embeddable":true,"href":"https:\/\/diarioregionaldigital.com.br\/index.php?rest_route=%2Fwp%2Fv2%2Ftags&post=172647"}],"curies":[{"name":"wp","href":"https:\/\/api.w.org\/{rel}","templated":true}]}}