{"id":172644,"date":"2020-11-09T18:50:27","date_gmt":"2020-11-09T21:50:27","guid":{"rendered":"https:\/\/diarioregionaldigital.com.br\/?p=172644"},"modified":"2020-11-09T18:50:27","modified_gmt":"2020-11-09T21:50:27","slug":"museu-mariano-procopio-apresenta-vencedores-do-concurso-de-poesia","status":"publish","type":"post","link":"https:\/\/diarioregionaldigital.com.br\/?p=172644","title":{"rendered":"Museu \u201cMariano Proc\u00f3pio\u201d apresenta vencedores do concurso de poesia"},"content":{"rendered":"<p>Com dezenas de participantes, o concurso de poesia do Museu \u201cMariano Proc\u00f3pio\u201d foi finalizado no dia 5, e, dentre os textos enviados, foram destacados os de tr\u00eas participantes da categoria \u201cProfessor\u201d e outros tr\u00eas de \u201cAluno\u201d. A promo\u00e7\u00e3o, denominada \u201cMuseus e Mem\u00f3rias\u201d, foi feita em parceria com a Bodoque Artes e Of\u00edcios, e teve in\u00edcio em 15 de outubro, na celebra\u00e7\u00e3o do \u201cDia do Professor\u201d.<\/p>\n<p>O concurso foi direcionado a professores (de qualquer n\u00edvel de ensino) e alunos a partir de dez anos de idade. O primeiro colocado de cada categoria receber\u00e1 um caderno personalizado, confeccionado pela Bodoque Artes e Of\u00edcios; kit surpresa e publica\u00e7\u00e3o do poema na revista \u201cTrama: Arte, Cultura e Criatividade\u201d, e nas redes sociais do Museu. Os segundo e terceiro lugares, uma caderneta da Bodoque; kit surpresa e publica\u00e7\u00e3o do poema nas redes sociais da institui\u00e7\u00e3o.<\/p>\n<p>Seguem os links da revista \u201cTrama: Arte, Cultura e Criatividade\u201d:\u00a0<a href=\"https:\/\/tramabodoque.com\/2020\/11\/08\/museu-sensacao\/\">tramabodoque.com\/2020\/11\/08\/museu-sensacao<\/a>\u00a0e\u00a0<a href=\"https:\/\/tramabodoque.com\/2020\/11\/08\/portais\/\">tramabodoque.com\/2020\/11\/08\/portais<\/a>.<\/p>\n<p><b>Os vencedores<\/b><\/p>\n<p><i>\u201cCategoria Professor\u201d<\/i><\/p>\n<p><b>1\u00ba lugar:<\/b>\u00a0Helga Carvalho Baptista de Almeida &#8211; \u201cMuseu \u2013Sensa\u00e7\u00e3o\u201d<br \/>\n<b>2\u00ba lugar:<\/b>\u00a0Edylane Eiterer &#8211; \u201cPortais\u201d<br \/>\n<b>3\u00ba lugar:<\/b>\u00a0Regina da Cruz Alvarenga &#8211; \u201cLinha da Mem\u00f3ria\u201d<\/p>\n<p><i>\u201cCategoria Aluno\u201d<\/i><\/p>\n<p><b>1\u00ba Lugar:<\/b>\u00a0Vict\u00f3ria da Costa Silva &#8211; \u201cTesouro Nacional\u201d<br \/>\n<b>2\u00ba:<\/b>\u00a0Stella da Costa Marinho &#8211; \u201c O Que Lhe Faz Pensar no Passado Neste Exato Momento?\u201d<br \/>\n<b>3\u00ba:<\/b>\u00a0Samuel Montessi do Amaral Silva &#8211; \u201cMuseu de Cabangu<\/p>\n<p><strong>Fonte:<\/strong> Assessoria<\/p>\n","protected":false},"excerpt":{"rendered":"<p>Com dezenas de participantes, o concurso de poesia do Museu \u201cMariano Proc\u00f3pio\u201d foi finalizado no dia 5, e, dentre os textos enviados, foram destacados os de tr\u00eas participantes da categoria \u201cProfessor\u201d e outros tr\u00eas de \u201cAluno\u201d. A promo\u00e7\u00e3o, denominada \u201cMuseus e Mem\u00f3rias\u201d, foi feita em parceria com a Bodoque Artes e Of\u00edcios, e teve in\u00edcio [&hellip;]<\/p>\n","protected":false},"author":96,"featured_media":172645,"comment_status":"closed","ping_status":"closed","sticky":false,"template":"","format":"standard","meta":{"footnotes":""},"categories":[256,436,262,439],"tags":[],"class_list":["post-172644","post","type-post","status-publish","format-standard","has-post-thumbnail","hentry","category-cultura","category-destaque-da-semana","category-noticias","category-ultima-hora"],"_links":{"self":[{"href":"https:\/\/diarioregionaldigital.com.br\/index.php?rest_route=\/wp\/v2\/posts\/172644","targetHints":{"allow":["GET"]}}],"collection":[{"href":"https:\/\/diarioregionaldigital.com.br\/index.php?rest_route=\/wp\/v2\/posts"}],"about":[{"href":"https:\/\/diarioregionaldigital.com.br\/index.php?rest_route=\/wp\/v2\/types\/post"}],"author":[{"embeddable":true,"href":"https:\/\/diarioregionaldigital.com.br\/index.php?rest_route=\/wp\/v2\/users\/96"}],"replies":[{"embeddable":true,"href":"https:\/\/diarioregionaldigital.com.br\/index.php?rest_route=%2Fwp%2Fv2%2Fcomments&post=172644"}],"version-history":[{"count":0,"href":"https:\/\/diarioregionaldigital.com.br\/index.php?rest_route=\/wp\/v2\/posts\/172644\/revisions"}],"wp:featuredmedia":[{"embeddable":true,"href":"https:\/\/diarioregionaldigital.com.br\/index.php?rest_route=\/wp\/v2\/media\/172645"}],"wp:attachment":[{"href":"https:\/\/diarioregionaldigital.com.br\/index.php?rest_route=%2Fwp%2Fv2%2Fmedia&parent=172644"}],"wp:term":[{"taxonomy":"category","embeddable":true,"href":"https:\/\/diarioregionaldigital.com.br\/index.php?rest_route=%2Fwp%2Fv2%2Fcategories&post=172644"},{"taxonomy":"post_tag","embeddable":true,"href":"https:\/\/diarioregionaldigital.com.br\/index.php?rest_route=%2Fwp%2Fv2%2Ftags&post=172644"}],"curies":[{"name":"wp","href":"https:\/\/api.w.org\/{rel}","templated":true}]}}