{"id":172638,"date":"2020-11-09T18:31:49","date_gmt":"2020-11-09T21:31:49","guid":{"rendered":"https:\/\/diarioregionaldigital.com.br\/?p=172638"},"modified":"2020-11-09T18:31:49","modified_gmt":"2020-11-09T21:31:49","slug":"covid-19-juiz-de-fora-tem-mais-de-100-novos-casos-nas-ultimas-24h","status":"publish","type":"post","link":"https:\/\/diarioregionaldigital.com.br\/?p=172638","title":{"rendered":"Covid-19: Juiz de Fora tem mais de 100 novos casos nas \u00faltimas 24h"},"content":{"rendered":"<p><span style=\"font-weight: 400;\">O novo boletim epidemiol\u00f3gico divulgado nesta segunda-feira (9) pela Secretaria de Sa\u00fade (SS) da Prefeitura de Juiz de Fora (PJF), aponta que o munic\u00edpio registrou mais 103 novos casos por Coronav\u00edrus, nas \u00faltimas 24h, totalizando 7.494 pessoas infectadas.\u00a0<\/span><\/p>\n<p><span style=\"font-weight: 400;\">Conforme os dados, foram confirmadas mais duas mortes pela doen\u00e7a, acumulando 272 \u00f3bitos. Uma das v\u00edtimas \u00e9 uma idosa de 64 anos e morreu no s\u00e1bado (7). Ela era portadora de Doen\u00e7a Cardiovascular Cr\u00f4nica (DCC) e Diabetes Mellitus. A outra v\u00edtima \u00e9 um idoso de 73 anos e veio a \u00f3bito no domingo (8). Ele tinha como comorbidades Doen\u00e7a Cardiovascular Cr\u00f4nica (DCC), Hipertens\u00e3o Arterial Sist\u00eamica (HAS), obesidade e vasculopatia perif\u00e9rica. Al\u00e9m disso, 26.611 pacientes s\u00e3o suspeitos de terem a doen\u00e7a.<\/span><\/p>\n<p><b>Leitos\u00a0<\/b><\/p>\n<p><span style=\"font-weight: 400;\">Segundo informa\u00e7\u00f5es da PJF, os leitos de enfermaria est\u00e3o com 61,24% de ocupa\u00e7\u00e3o. J\u00e1 os os leitos de UTI e SUS, est\u00e3o com taxa de 76,56% e 78,61% respectivamente.<\/span><\/p>\n<p><b>Exames da UFJF<\/b><\/p>\n<p><span style=\"font-weight: 400;\">No per\u00edodo do dia 3 a 6 de novembro, a Universidade Federal de Juiz de Fora (UFJF), cadastrou um total de 219 exames referentes ao Covid-19 no munic\u00edpio, sendo que 2 est\u00e3o sob an\u00e1lise e 217 laudos foram emitidos. Os testes s\u00e3o feitos em parceria com a Prefeitura de Juiz de Fora (PJF) e todos s\u00e3o oriundos do Sistema \u00danico de Sa\u00fade de 52 munic\u00edpios das regionais de sa\u00fade de Juiz de Fora e Leopoldina.<\/span><\/p>\n<p><span style=\"font-weight: 400;\">Conforme os dados divulgados pela institui\u00e7\u00e3o, foram feitos exames em 18 munic\u00edpios durante o per\u00edodo citado. Ao todo foram 320 testes cadastrados, com 2 em an\u00e1lise e 318 laudos emitidos. Desde que as avalia\u00e7\u00f5es come\u00e7aram a ser feitas no dia 17 de abril, j\u00e1 foram emitidos 10.220 laudos no geral.<\/span><\/p>\n","protected":false},"excerpt":{"rendered":"<p>O novo boletim epidemiol\u00f3gico divulgado nesta segunda-feira (9) pela Secretaria de Sa\u00fade (SS) da Prefeitura de Juiz de Fora (PJF), aponta que o munic\u00edpio registrou mais 103 novos casos por Coronav\u00edrus, nas \u00faltimas 24h, totalizando 7.494 pessoas infectadas.\u00a0 Conforme os dados, foram confirmadas mais duas mortes pela doen\u00e7a, acumulando 272 \u00f3bitos. Uma das v\u00edtimas \u00e9 [&hellip;]<\/p>\n","protected":false},"author":96,"featured_media":172639,"comment_status":"closed","ping_status":"closed","sticky":false,"template":"","format":"standard","meta":{"footnotes":""},"categories":[253,436,440,439],"tags":[],"class_list":["post-172638","post","type-post","status-publish","format-standard","has-post-thumbnail","hentry","category-cidade","category-destaque-da-semana","category-destaques-do-dia","category-ultima-hora"],"_links":{"self":[{"href":"https:\/\/diarioregionaldigital.com.br\/index.php?rest_route=\/wp\/v2\/posts\/172638","targetHints":{"allow":["GET"]}}],"collection":[{"href":"https:\/\/diarioregionaldigital.com.br\/index.php?rest_route=\/wp\/v2\/posts"}],"about":[{"href":"https:\/\/diarioregionaldigital.com.br\/index.php?rest_route=\/wp\/v2\/types\/post"}],"author":[{"embeddable":true,"href":"https:\/\/diarioregionaldigital.com.br\/index.php?rest_route=\/wp\/v2\/users\/96"}],"replies":[{"embeddable":true,"href":"https:\/\/diarioregionaldigital.com.br\/index.php?rest_route=%2Fwp%2Fv2%2Fcomments&post=172638"}],"version-history":[{"count":0,"href":"https:\/\/diarioregionaldigital.com.br\/index.php?rest_route=\/wp\/v2\/posts\/172638\/revisions"}],"wp:featuredmedia":[{"embeddable":true,"href":"https:\/\/diarioregionaldigital.com.br\/index.php?rest_route=\/wp\/v2\/media\/172639"}],"wp:attachment":[{"href":"https:\/\/diarioregionaldigital.com.br\/index.php?rest_route=%2Fwp%2Fv2%2Fmedia&parent=172638"}],"wp:term":[{"taxonomy":"category","embeddable":true,"href":"https:\/\/diarioregionaldigital.com.br\/index.php?rest_route=%2Fwp%2Fv2%2Fcategories&post=172638"},{"taxonomy":"post_tag","embeddable":true,"href":"https:\/\/diarioregionaldigital.com.br\/index.php?rest_route=%2Fwp%2Fv2%2Ftags&post=172638"}],"curies":[{"name":"wp","href":"https:\/\/api.w.org\/{rel}","templated":true}]}}