{"id":172634,"date":"2020-11-09T18:20:22","date_gmt":"2020-11-09T21:20:22","guid":{"rendered":"https:\/\/diarioregionaldigital.com.br\/?p=172634"},"modified":"2020-11-09T18:20:22","modified_gmt":"2020-11-09T21:20:22","slug":"bibliotecas-geridas-pela-funalfa-recebem-devolucao-de-livros-emprestados","status":"publish","type":"post","link":"https:\/\/diarioregionaldigital.com.br\/?p=172634","title":{"rendered":"Bibliotecas geridas pela Funalfa recebem devolu\u00e7\u00e3o de livros emprestados"},"content":{"rendered":"<p><span style=\"font-weight: 400;\">Mais de cem publica\u00e7\u00f5es do acervo da Biblioteca Municipal \u201cMurilo Mendes\u201d (Avenida Get\u00falio Vargas, 200 \u2013 Centro) e da Casa de Leitura \u201cDelfina Fonseca Lima\u201d (Rua Mar\u00edlia, 631 \u2013 Bairro Benfica) foram devolvidas na semana passada. Os livros haviam sido emprestados antes do fechamento das unidades, em decorr\u00eancia da quarentena decretada para conter a pandemia de covid-19. Estes espa\u00e7os permanecerem com atendimento presencial suspenso desde 17 de mar\u00e7o, como os demais equipamentos culturais geridos pela Funda\u00e7\u00e3o Cultural \u201cAlfredo Ferreira Lage\u201c (Funalfa), as duas bibliotecas voltaram a receber devolu\u00e7\u00e3o de obras no dia 3.<\/span><\/p>\n<p><span style=\"font-weight: 400;\">Essa \u00e9 a primeira etapa de retomada das atividades, que acontece de forma escalonada. Os usu\u00e1rios podem entregar livros, sem multa ou qualquer outra penalidade, de segunda a sexta-feira, em hor\u00e1rio reduzido, das 10 \u00e0s 16 horas, nas portas de acesso \u00e0s unidades. \u201cTodas as normas de seguran\u00e7a est\u00e3o sendo adotadas, para evitar o cont\u00e1gio pela covid-19. Por enquanto, n\u00e3o liberaremos novos empr\u00e9stimos, e os usu\u00e1rios n\u00e3o est\u00e3o circulando na parte interna dos pr\u00e9dios\u201d, explicou o gerente de espa\u00e7os da Funalfa, Luiz Fernando Priamo.<\/span><\/p>\n<p><span style=\"font-weight: 400;\">Encerrada essa semana, haver\u00e1 avalia\u00e7\u00e3o da etapa inicial de retomada, para que seja definida a possibilidade de avan\u00e7ar \u00e0s novas fases. \u201cEntendemos o clamor da sociedade pela retomada do atendimento nos equipamentos de cultura, mas n\u00e3o podemos abrir m\u00e3o da seguran\u00e7a dos usu\u00e1rios e nossos colaboradores. Ent\u00e3o, vamos caminhando por etapas\u201d, justificou Priamo.<\/span><\/p>\n<p><b>Outros espa\u00e7os<\/b><\/p>\n<p><span style=\"font-weight: 400;\">No Centro Cultural \u201cBernardo Mascarenhas\u201d (CCBM) e no Museu Ferrovi\u00e1rio est\u00e3o sendo feitas pr\u00e9-reservas de pessoas interessadas em visitar os acervos e as mostras. Ainda n\u00e3o h\u00e1 data fechada para a retomada da atividade, j\u00e1 que a Funalfa aguarda a flexibiliza\u00e7\u00e3o da norma do protocolo do estado, o \u201cMinas Consciente\u201d, que determina distanciamento entre as pessoas, quando o espa\u00e7o for fechado. Por enquanto, basta deixar o nome completo, o n\u00famero do Cadastro de Pessoa F\u00edsica (CPF) e contatos, para que sejam informados sobre a data e o hor\u00e1rio da visita. O cadastro pode ser solicitado pelos e-mails do CCBM e do Museu: ccbmjf@gmail.com e contatomfjf@gmail.com, respectivamente. Cada pessoa ter\u00e1 direito de agendar at\u00e9 dois nomes.<\/span><\/p>\n<p><span style=\"font-weight: 400;\">No caso do Museu Ferrovi\u00e1rio est\u00e1 liberado o uso gratuito das \u00e1reas externas, para registros em v\u00eddeo de espet\u00e1culos e apresenta\u00e7\u00f5es, de acordo com o protocolo que determina quatro metros quadrados de distanciamento em espa\u00e7o externo. Tal ocupa\u00e7\u00e3o poder\u00e1 ocorrer com equipes de v\u00eddeo, elenco e produ\u00e7\u00e3o, em n\u00famero reduzido. O agendamento tamb\u00e9m ser\u00e1 feito pelo e-mail do espa\u00e7o.<\/span><\/p>\n<p><span style=\"font-weight: 400;\">No Teatro \u201cPaschoal Carlos Magno\u201d (Rua Gilberto de Alencar, 888 \u2013 Centro), o palco e demais depend\u00eancias est\u00e3o liberados para registros em v\u00eddeo de espet\u00e1culos e apresenta\u00e7\u00f5es, seguindo o protocolo de dez metros quadrados de distanciamento em \u00e1rea interna. O uso tamb\u00e9m ocorrer\u00e1 com equipes de v\u00eddeo, elenco e produ\u00e7\u00e3o reduzidas. O agendamento deve ser feito pelo e-mail <\/span><b>paschoal.teatro@gmail.com<\/b><span style=\"font-weight: 400;\">.<\/span><\/p>\n<p><strong>Fonte:<\/strong> Assessoria<\/p>\n","protected":false},"excerpt":{"rendered":"<p>Mais de cem publica\u00e7\u00f5es do acervo da Biblioteca Municipal \u201cMurilo Mendes\u201d (Avenida Get\u00falio Vargas, 200 \u2013 Centro) e da Casa de Leitura \u201cDelfina Fonseca Lima\u201d (Rua Mar\u00edlia, 631 \u2013 Bairro Benfica) foram devolvidas na semana passada. Os livros haviam sido emprestados antes do fechamento das unidades, em decorr\u00eancia da quarentena decretada para conter a pandemia [&hellip;]<\/p>\n","protected":false},"author":96,"featured_media":172635,"comment_status":"closed","ping_status":"closed","sticky":false,"template":"","format":"standard","meta":{"footnotes":""},"categories":[256,436,262,439],"tags":[],"class_list":["post-172634","post","type-post","status-publish","format-standard","has-post-thumbnail","hentry","category-cultura","category-destaque-da-semana","category-noticias","category-ultima-hora"],"_links":{"self":[{"href":"https:\/\/diarioregionaldigital.com.br\/index.php?rest_route=\/wp\/v2\/posts\/172634","targetHints":{"allow":["GET"]}}],"collection":[{"href":"https:\/\/diarioregionaldigital.com.br\/index.php?rest_route=\/wp\/v2\/posts"}],"about":[{"href":"https:\/\/diarioregionaldigital.com.br\/index.php?rest_route=\/wp\/v2\/types\/post"}],"author":[{"embeddable":true,"href":"https:\/\/diarioregionaldigital.com.br\/index.php?rest_route=\/wp\/v2\/users\/96"}],"replies":[{"embeddable":true,"href":"https:\/\/diarioregionaldigital.com.br\/index.php?rest_route=%2Fwp%2Fv2%2Fcomments&post=172634"}],"version-history":[{"count":0,"href":"https:\/\/diarioregionaldigital.com.br\/index.php?rest_route=\/wp\/v2\/posts\/172634\/revisions"}],"wp:featuredmedia":[{"embeddable":true,"href":"https:\/\/diarioregionaldigital.com.br\/index.php?rest_route=\/wp\/v2\/media\/172635"}],"wp:attachment":[{"href":"https:\/\/diarioregionaldigital.com.br\/index.php?rest_route=%2Fwp%2Fv2%2Fmedia&parent=172634"}],"wp:term":[{"taxonomy":"category","embeddable":true,"href":"https:\/\/diarioregionaldigital.com.br\/index.php?rest_route=%2Fwp%2Fv2%2Fcategories&post=172634"},{"taxonomy":"post_tag","embeddable":true,"href":"https:\/\/diarioregionaldigital.com.br\/index.php?rest_route=%2Fwp%2Fv2%2Ftags&post=172634"}],"curies":[{"name":"wp","href":"https:\/\/api.w.org\/{rel}","templated":true}]}}