{"id":172628,"date":"2020-11-09T17:48:10","date_gmt":"2020-11-09T20:48:10","guid":{"rendered":"https:\/\/diarioregionaldigital.com.br\/?p=172628"},"modified":"2020-11-09T17:48:10","modified_gmt":"2020-11-09T20:48:10","slug":"treinadora-pia-sundhage-convoca-jogadoras-para-os-dois-jogos-contra-a-argentina","status":"publish","type":"post","link":"https:\/\/diarioregionaldigital.com.br\/?p=172628","title":{"rendered":"Treinadora Pia Sundhage convoca jogadoras para os dois jogos contra a Argentina"},"content":{"rendered":"<p><span style=\"font-weight: 400;\">A t\u00e9cnica da Sele\u00e7\u00e3o Feminina, Pia Sundhage, divulgou nessa segunda-feira (9), a lista com as 25 jogadoras convocadas para os dois jogos preparat\u00f3rios, diante da Argentina. Os duelos ser\u00e3o realizados durante a prepara\u00e7\u00e3o no per\u00edodo de Data FIFA, entre os dias 23 de novembro a 1 de dezembro, e visa o planejamento para os Jogos Ol\u00edmpicos de T\u00f3quio 2020 (adiados para 2021).<\/span><\/p>\n<p><span style=\"font-weight: 400;\">Os dois jogos contra as argentinas, marca o retorno do time aos gramados, desde o in\u00edcio da pandemia do Coronav\u00edrus. Nas \u00faltimas duas Datas FIFA, a t\u00e9cnica Pia Sundhage comandou dois per\u00edodos de prepara\u00e7\u00e3o na Granja Comary, em setembro, e em Portim\u00e3o (Portugal), em outubro. O \u00faltimo duelo da equipe foi no Torneio da Fran\u00e7a, em mar\u00e7o deste ano, quando enfrentou Canad\u00e1, Fran\u00e7a e Holanda.<\/span><\/p>\n<p><span style=\"font-weight: 400;\">Entre as convocadas, as novidades s\u00e3o as meio-campistas Duda e J\u00falia, do Ava\u00ed\/Kindermann, e duas jogadoras da Sele\u00e7\u00e3o Feminina Sub-20, a atacante Jaqueline e a meia Ana Vit\u00f3ria, como parte da integra\u00e7\u00e3o entre as categorias.\u00a0<\/span><\/p>\n<p><b>Lista de convocadas<\/b><\/p>\n<p><b>Goleiras:<\/b><\/p>\n<p><span style=\"font-weight: 400;\">Aline Reis &#8211; UD Granadilla Tenerife (Espanha)<\/span><\/p>\n<p><span style=\"font-weight: 400;\">B\u00e1rbara &#8211; Ava\u00ed\/Kindermann<\/span><\/p>\n<p><span style=\"font-weight: 400;\">Let\u00edcia &#8211; Corinthians<\/span><\/p>\n<p>&nbsp;<\/p>\n<p><b>Defensoras:<\/b><\/p>\n<p><span style=\"font-weight: 400;\">Tamires &#8211; Corinthians<\/span><\/p>\n<p><span style=\"font-weight: 400;\">Erika &#8211; Corinthians<\/span><\/p>\n<p><span style=\"font-weight: 400;\">Bruna Benites &#8211; Internacional<\/span><\/p>\n<p><span style=\"font-weight: 400;\">Camilinha &#8211; Palmeiras<\/span><\/p>\n<p><span style=\"font-weight: 400;\">Ch\u00fa &#8211; Ferrovi\u00e1ria<\/span><\/p>\n<p><span style=\"font-weight: 400;\">Jucinara &#8211; Levante UD (Espanha)<\/span><\/p>\n<p><span style=\"font-weight: 400;\">Rafaelle &#8211; Changchun Dazhong (China)<\/span><\/p>\n<p>&nbsp;<\/p>\n<p><b>Meio-campistas:<\/b><\/p>\n<p><span style=\"font-weight: 400;\">Andressa Alves &#8211; Roma (It\u00e1lia)<\/span><\/p>\n<p><span style=\"font-weight: 400;\">Adriana &#8211; Corinthians\u00a0<\/span><\/p>\n<p><span style=\"font-weight: 400;\">Andressinha &#8211; Corinthians<\/span><\/p>\n<p><span style=\"font-weight: 400;\">Val\u00e9ria &#8211; Madrid CFF (Espanha)<\/span><\/p>\n<p><span style=\"font-weight: 400;\">Formiga &#8211; Paris St Germain (Fran\u00e7a)<\/span><\/p>\n<p><span style=\"font-weight: 400;\">Luana &#8211; Paris St Germain (Fran\u00e7a)<\/span><\/p>\n<p><span style=\"font-weight: 400;\">Marta &#8211; Orlando Pride (Estados Unidos)<\/span><\/p>\n<p><span style=\"font-weight: 400;\">Duda &#8211; Ava\u00ed\/Kindermann<\/span><\/p>\n<p><span style=\"font-weight: 400;\">Julia Bianchi &#8211; Ava\u00ed\/Kindermann<\/span><\/p>\n<p>&nbsp;<\/p>\n<p><b>Atacantes:<\/b><\/p>\n<p><span style=\"font-weight: 400;\">Giovana &#8211; Barcelona (Espanha)<\/span><\/p>\n<p><span style=\"font-weight: 400;\">Ludmila &#8211; Atl\u00e9tico de Madrid (Espanha)<\/span><\/p>\n<p><span style=\"font-weight: 400;\">Nycole &#8211; Benfica (Portugal)<\/span><\/p>\n<p><span style=\"font-weight: 400;\">Debinha &#8211; North Carolina Courage (Estados Unidos)<\/span><\/p>\n<p>&nbsp;<\/p>\n<p><b>Sele\u00e7\u00e3o Sub-20:<\/b><\/p>\n<p><b>Meia:<\/b><\/p>\n<p><span style=\"font-weight: 400;\">Ana Vit\u00f3ria &#8211; Benfica (Portugal)<\/span><\/p>\n<p>&nbsp;<\/p>\n<p><b>Atacante:<\/b><\/p>\n<p><span style=\"font-weight: 400;\">Jaqueline &#8211; S\u00e3o Paulo<\/span><\/p>\n","protected":false},"excerpt":{"rendered":"<p>A t\u00e9cnica da Sele\u00e7\u00e3o Feminina, Pia Sundhage, divulgou nessa segunda-feira (9), a lista com as 25 jogadoras convocadas para os dois jogos preparat\u00f3rios, diante da Argentina. Os duelos ser\u00e3o realizados durante a prepara\u00e7\u00e3o no per\u00edodo de Data FIFA, entre os dias 23 de novembro a 1 de dezembro, e visa o planejamento para os Jogos [&hellip;]<\/p>\n","protected":false},"author":96,"featured_media":172629,"comment_status":"closed","ping_status":"closed","sticky":false,"template":"","format":"standard","meta":{"footnotes":""},"categories":[436,257,439],"tags":[],"class_list":["post-172628","post","type-post","status-publish","format-standard","has-post-thumbnail","hentry","category-destaque-da-semana","category-esporte","category-ultima-hora"],"_links":{"self":[{"href":"https:\/\/diarioregionaldigital.com.br\/index.php?rest_route=\/wp\/v2\/posts\/172628","targetHints":{"allow":["GET"]}}],"collection":[{"href":"https:\/\/diarioregionaldigital.com.br\/index.php?rest_route=\/wp\/v2\/posts"}],"about":[{"href":"https:\/\/diarioregionaldigital.com.br\/index.php?rest_route=\/wp\/v2\/types\/post"}],"author":[{"embeddable":true,"href":"https:\/\/diarioregionaldigital.com.br\/index.php?rest_route=\/wp\/v2\/users\/96"}],"replies":[{"embeddable":true,"href":"https:\/\/diarioregionaldigital.com.br\/index.php?rest_route=%2Fwp%2Fv2%2Fcomments&post=172628"}],"version-history":[{"count":0,"href":"https:\/\/diarioregionaldigital.com.br\/index.php?rest_route=\/wp\/v2\/posts\/172628\/revisions"}],"wp:featuredmedia":[{"embeddable":true,"href":"https:\/\/diarioregionaldigital.com.br\/index.php?rest_route=\/wp\/v2\/media\/172629"}],"wp:attachment":[{"href":"https:\/\/diarioregionaldigital.com.br\/index.php?rest_route=%2Fwp%2Fv2%2Fmedia&parent=172628"}],"wp:term":[{"taxonomy":"category","embeddable":true,"href":"https:\/\/diarioregionaldigital.com.br\/index.php?rest_route=%2Fwp%2Fv2%2Fcategories&post=172628"},{"taxonomy":"post_tag","embeddable":true,"href":"https:\/\/diarioregionaldigital.com.br\/index.php?rest_route=%2Fwp%2Fv2%2Ftags&post=172628"}],"curies":[{"name":"wp","href":"https:\/\/api.w.org\/{rel}","templated":true}]}}