{"id":172625,"date":"2020-11-09T17:36:18","date_gmt":"2020-11-09T20:36:18","guid":{"rendered":"https:\/\/diarioregionaldigital.com.br\/?p=172625"},"modified":"2020-11-09T17:36:18","modified_gmt":"2020-11-09T20:36:18","slug":"domenec-torrent-nao-e-mais-tecnico-do-flamengo","status":"publish","type":"post","link":"https:\/\/diarioregionaldigital.com.br\/?p=172625","title":{"rendered":"Dom\u00e8nec Torrent n\u00e3o \u00e9 mais t\u00e9cnico do Flamengo"},"content":{"rendered":"<p><span style=\"font-weight: 400;\">A diretoria do Flamengo anunciou nesta segunda-feira (9), a demiss\u00e3o do treinador Dom\u00e8nec Torrent, ap\u00f3s duas goleadas consecutivas pelo Brasileiro. O elenco rubro-negro ser\u00e1 comandado pelo interino <\/span><span style=\"font-weight: 400;\">Mauricio Souza, da equipe sub-20. As respectivas derrotas citadas anteriormente foram por 4&#215;1 diante do S\u00e3o Paulo e 4&#215;0 para o Atl\u00e9tico-MG.<\/span><\/p>\n<p><span style=\"font-weight: 400;\">Torrent assumiu o rubro-negro no m\u00eas de julho, para substituir o portugu\u00eas Jorge Jesus, que se transferiu para o Benfica. Ao todo foram 26 jogos, com 15 vit\u00f3rias, cinco empates e seis derrotas, com aproveitamento de 63,8%. Durante este per\u00edodo, o Flamengo marcou 42 gols e sofreu 36.<\/span><\/p>\n<p><span style=\"font-weight: 400;\">Na classifica\u00e7\u00e3o do Campeonato Brasileiro, o rubro-negro ocupa a terceira posi\u00e7\u00e3o com 35 pontos. Nesta quarta-feira (11), recebe a equipe do S\u00e3o Paulo, pelo primeiro jogo das quartas de final da Copa do Brasil. No final deste m\u00eas, encara o Racing (Argentina) pelas oitavas da Ta\u00e7a Libertadores.<\/span><\/p>\n<p><b>Busca no mercado<\/b><\/p>\n<p><span style=\"font-weight: 400;\">Logo ap\u00f3s a demiss\u00e3o de Torrent, a diretoria do Flamengo inicia buscas por um novo treinador. O nome mais cotado \u00e9 de Rog\u00e9rio Ceni, hoje no Fortaleza. As conversas com o ex-goleiro j\u00e1 est\u00e3o em andamento, por\u00e9m seu v\u00ednculo com o clube nordestino vai at\u00e9 o final do ano.<\/span><\/p>\n","protected":false},"excerpt":{"rendered":"<p>A diretoria do Flamengo anunciou nesta segunda-feira (9), a demiss\u00e3o do treinador Dom\u00e8nec Torrent, ap\u00f3s duas goleadas consecutivas pelo Brasileiro. O elenco rubro-negro ser\u00e1 comandado pelo interino Mauricio Souza, da equipe sub-20. As respectivas derrotas citadas anteriormente foram por 4&#215;1 diante do S\u00e3o Paulo e 4&#215;0 para o Atl\u00e9tico-MG. Torrent assumiu o rubro-negro no m\u00eas [&hellip;]<\/p>\n","protected":false},"author":96,"featured_media":172626,"comment_status":"closed","ping_status":"closed","sticky":false,"template":"","format":"standard","meta":{"footnotes":""},"categories":[436,257,439],"tags":[],"class_list":["post-172625","post","type-post","status-publish","format-standard","has-post-thumbnail","hentry","category-destaque-da-semana","category-esporte","category-ultima-hora"],"_links":{"self":[{"href":"https:\/\/diarioregionaldigital.com.br\/index.php?rest_route=\/wp\/v2\/posts\/172625","targetHints":{"allow":["GET"]}}],"collection":[{"href":"https:\/\/diarioregionaldigital.com.br\/index.php?rest_route=\/wp\/v2\/posts"}],"about":[{"href":"https:\/\/diarioregionaldigital.com.br\/index.php?rest_route=\/wp\/v2\/types\/post"}],"author":[{"embeddable":true,"href":"https:\/\/diarioregionaldigital.com.br\/index.php?rest_route=\/wp\/v2\/users\/96"}],"replies":[{"embeddable":true,"href":"https:\/\/diarioregionaldigital.com.br\/index.php?rest_route=%2Fwp%2Fv2%2Fcomments&post=172625"}],"version-history":[{"count":0,"href":"https:\/\/diarioregionaldigital.com.br\/index.php?rest_route=\/wp\/v2\/posts\/172625\/revisions"}],"wp:featuredmedia":[{"embeddable":true,"href":"https:\/\/diarioregionaldigital.com.br\/index.php?rest_route=\/wp\/v2\/media\/172626"}],"wp:attachment":[{"href":"https:\/\/diarioregionaldigital.com.br\/index.php?rest_route=%2Fwp%2Fv2%2Fmedia&parent=172625"}],"wp:term":[{"taxonomy":"category","embeddable":true,"href":"https:\/\/diarioregionaldigital.com.br\/index.php?rest_route=%2Fwp%2Fv2%2Fcategories&post=172625"},{"taxonomy":"post_tag","embeddable":true,"href":"https:\/\/diarioregionaldigital.com.br\/index.php?rest_route=%2Fwp%2Fv2%2Ftags&post=172625"}],"curies":[{"name":"wp","href":"https:\/\/api.w.org\/{rel}","templated":true}]}}