{"id":172619,"date":"2020-11-09T16:46:01","date_gmt":"2020-11-09T19:46:01","guid":{"rendered":"https:\/\/diarioregionaldigital.com.br\/?p=172619"},"modified":"2020-11-09T16:46:01","modified_gmt":"2020-11-09T19:46:01","slug":"duas-mulheres-sao-presas-em-operacao-da-policia-civil","status":"publish","type":"post","link":"https:\/\/diarioregionaldigital.com.br\/?p=172619","title":{"rendered":"Duas mulheres s\u00e3o presas em opera\u00e7\u00e3o da Pol\u00edcia Civil"},"content":{"rendered":"<p><span style=\"font-weight: 400;\">Durante a Opera\u00e7\u00e3o Centralina, realizada na \u00faltima sexta-feira (6), a Pol\u00edcia Civil de Minas Gerais (PCMG), prendeu duas mulheres, 23 e 28 anos, suspeitas de participarem de esquema de furto de ve\u00edculos pela Regi\u00e3o Central em Juiz de Fora, sobretudo nos Bairros Santa Helena, Paineiras e Granbery. A a\u00e7\u00e3o deu sequ\u00eancia ao in\u00edcio da opera\u00e7\u00e3o no m\u00eas de julho.<\/span><\/p>\n<p><span style=\"font-weight: 400;\">Naquela ocasi\u00e3o, a Delegada Camilla Miller, informou que dois suspeitos haviam sido presos e o balan\u00e7o das a\u00e7\u00f5es contabilizou a apreens\u00e3o de 13 ve\u00edculos, de 56 centralinas de autom\u00f3veis e de outros componentes eletr\u00f4nicos veiculares, durante o cumprimento de 24 mandados de busca e apreens\u00e3o.\u00a0<\/span><\/p>\n<p><span style=\"font-weight: 400;\">As dilig\u00eancias desencadeadas na \u00faltima semana contaram com a atua\u00e7\u00e3o de policiais civis da 7\u00aa Delegacia, da inspetoria da Delegacia Regional em Juiz de Fora, de Vi\u00e7osa e da Ag\u00eancia de Intelig\u00eancia do 4\u00ba DEPPC.<\/span><\/p>\n<p><b>Investiga\u00e7\u00f5es<\/b><\/p>\n<p><span style=\"font-weight: 400;\">Em entrevista, a autoridade policial explicou que diversas dilig\u00eancias foram realizadas para apurar os fatos, entre elas, foram deflagradas a\u00e7\u00f5es que possibilitaram a descoberta de locais utilizados para esconder os ve\u00edculos &#8211; que seriam produtos de furtos -, bem como pe\u00e7as de autom\u00f3veis desmanchados e outros componentes. As apreens\u00f5es foram realizadas em Juiz de Fora, mas tamb\u00e9m em munic\u00edpios pr\u00f3ximos, como Matias Barbosa e Barbacena.<\/span><\/p>\n<p><b>Atua\u00e7\u00e3o da quadrilha<\/b><\/p>\n<p><span style=\"font-weight: 400;\">A autoridade policial tamb\u00e9m informou como os suspeitos de integrarem o grupo criminoso agiam. \u201cEles cometiam os crimes na \u00e1rea central de Juiz de Fora e, posteriormente, mantinham esses produtos de furtos \u2018esfriando\u2019 na pr\u00f3pria cidade ou em localidades vizinhas, como Matias Barbosa. Em seguida, buscavam o autom\u00f3vel e levavam o ve\u00edculo at\u00e9 Barbacena, caminho que, em regra, seria feito\u201d, explicou.<\/span><\/p>\n<p><span style=\"font-weight: 400;\">Ainda conforme a delegada, \u201capura\u00e7\u00f5es indicam que essa seria uma das maiores quadrilhas de furtos de ve\u00edculos que estaria atuando no Estado de Minas Gerais. Atuavam h\u00e1 muitos anos, inclusive, j\u00e1 foram presos em Nova Lima, na regi\u00e3o Metropolitana de Belo Horizonte\u201d.\u00a0<\/span><\/p>\n<p><b>Opera\u00e7\u00f5es deflagradas em julho<\/b><\/p>\n<p><span style=\"font-weight: 400;\">No m\u00eas de julho, os policiais realizaram dilig\u00eancias pela Regi\u00e3o Norte de Juiz de Fora e foi encontrado um local, onde foram apreendidos sete ve\u00edculos, documentos, pe\u00e7as de autom\u00f3veis desmanchados, uma balan\u00e7a de motor, 56 centralinas e outros componentes veiculares.<\/span><\/p>\n<p><span style=\"font-weight: 400;\">Al\u00e9m disso, no final do m\u00eas de junho, nos munic\u00edpios de Matias Barbosa e de Barbacena, policiais civis apreenderam o total de seis ve\u00edculos, diversas pe\u00e7as de autom\u00f3veis desmontados, documentos, equipamentos eletr\u00f4nicos, centrais de inje\u00e7\u00e3o e outros objetos.\u00a0<\/span><\/p>\n<p><span style=\"font-weight: 400;\">Conforme Camila Miller, \u201cA Pol\u00edcia Civil de Minas Gerais prendeu em flagrante um dos investigados, suspeito de furto qualificado, pois estaria conduzindo um ve\u00edculo que havia sido furtado em data anterior, no Bairro Santa Helena\u201d, contou, complementando que, na ocasi\u00e3o, foram apreendidos bolsas, ferramentas, pe\u00e7as de ve\u00edculos e outros materiais.\u00a0<\/span><\/p>\n<p><b>Investiga\u00e7\u00e3o qualificada<\/b><\/p>\n<p><span style=\"font-weight: 400;\">Na coletiva realizada na \u00e9poca, o Delegado Regional em Juiz de Fora, Armando Av\u00f3lio Neto, destacou que a investiga\u00e7\u00e3o qualificada &#8211; aliada ao empenho dos policiais civis &#8211; mais uma vez possibilitou grande \u00eaxito nas a\u00e7\u00f5es, \u201cDepois de muito trabalho, conseguimos identificar toda a quadrilha e desarticular o esquema dos principais autores de furto de ve\u00edculos em Juiz de Fora\u201d, enfatizou.\u00a0<\/span><\/p>\n<p><span style=\"font-weight: 400;\">O Chefe do 4\u00ba Departamento em Juiz de Fora, Delegado-Geral Gustavo Ad\u00e9lio Lara Ferreira, tamb\u00e9m atribuiu esse resultado \u00e0s investiga\u00e7\u00f5es realizadas de forma minuciosa e detalhada, \u201cPor isso parabenizo o Departamento, por meio da Ag\u00eancia de Intelig\u00eancia, os policiais civis da 7\u00aa Delegacia e a Delegacia Regional de Juiz de Fora pelo trabalho desempenhado. E tamb\u00e9m gostaria de agradecer a participa\u00e7\u00e3o efetiva do Poder Judici\u00e1rio e do Minist\u00e9rio P\u00fablico\u201d, finalizou.<\/span><\/p>\n","protected":false},"excerpt":{"rendered":"<p>Durante a Opera\u00e7\u00e3o Centralina, realizada na \u00faltima sexta-feira (6), a Pol\u00edcia Civil de Minas Gerais (PCMG), prendeu duas mulheres, 23 e 28 anos, suspeitas de participarem de esquema de furto de ve\u00edculos pela Regi\u00e3o Central em Juiz de Fora, sobretudo nos Bairros Santa Helena, Paineiras e Granbery. A a\u00e7\u00e3o deu sequ\u00eancia ao in\u00edcio da opera\u00e7\u00e3o [&hellip;]<\/p>\n","protected":false},"author":96,"featured_media":172620,"comment_status":"closed","ping_status":"closed","sticky":false,"template":"","format":"standard","meta":{"footnotes":""},"categories":[301,436,440,439],"tags":[],"class_list":["post-172619","post","type-post","status-publish","format-standard","has-post-thumbnail","hentry","category-artigos-policiais","category-destaque-da-semana","category-destaques-do-dia","category-ultima-hora"],"_links":{"self":[{"href":"https:\/\/diarioregionaldigital.com.br\/index.php?rest_route=\/wp\/v2\/posts\/172619","targetHints":{"allow":["GET"]}}],"collection":[{"href":"https:\/\/diarioregionaldigital.com.br\/index.php?rest_route=\/wp\/v2\/posts"}],"about":[{"href":"https:\/\/diarioregionaldigital.com.br\/index.php?rest_route=\/wp\/v2\/types\/post"}],"author":[{"embeddable":true,"href":"https:\/\/diarioregionaldigital.com.br\/index.php?rest_route=\/wp\/v2\/users\/96"}],"replies":[{"embeddable":true,"href":"https:\/\/diarioregionaldigital.com.br\/index.php?rest_route=%2Fwp%2Fv2%2Fcomments&post=172619"}],"version-history":[{"count":0,"href":"https:\/\/diarioregionaldigital.com.br\/index.php?rest_route=\/wp\/v2\/posts\/172619\/revisions"}],"wp:featuredmedia":[{"embeddable":true,"href":"https:\/\/diarioregionaldigital.com.br\/index.php?rest_route=\/wp\/v2\/media\/172620"}],"wp:attachment":[{"href":"https:\/\/diarioregionaldigital.com.br\/index.php?rest_route=%2Fwp%2Fv2%2Fmedia&parent=172619"}],"wp:term":[{"taxonomy":"category","embeddable":true,"href":"https:\/\/diarioregionaldigital.com.br\/index.php?rest_route=%2Fwp%2Fv2%2Fcategories&post=172619"},{"taxonomy":"post_tag","embeddable":true,"href":"https:\/\/diarioregionaldigital.com.br\/index.php?rest_route=%2Fwp%2Fv2%2Ftags&post=172619"}],"curies":[{"name":"wp","href":"https:\/\/api.w.org\/{rel}","templated":true}]}}