{"id":172616,"date":"2020-11-09T16:29:15","date_gmt":"2020-11-09T19:29:15","guid":{"rendered":"https:\/\/diarioregionaldigital.com.br\/?p=172616"},"modified":"2020-11-09T16:29:15","modified_gmt":"2020-11-09T19:29:15","slug":"operacao-da-pm-resulta-na-apreensao-de-20-barras-de-maconha-no-sao-dimas","status":"publish","type":"post","link":"https:\/\/diarioregionaldigital.com.br\/?p=172616","title":{"rendered":"Opera\u00e7\u00e3o da PM resulta na apreens\u00e3o de 20 barras de maconha no S\u00e3o Dimas"},"content":{"rendered":"<p>Durante opera\u00e7\u00e3o realizada na noite de domingo (8) pelo Bairro S\u00e3o Dimas (Regi\u00e3o Norte), a Pol\u00edcia Militar (PM), recebeu den\u00fancias a respeito de um autom\u00f3vel, que estaria circulando pelo local e que o mesmo estaria fazendo transporte de materiais relacionados ao tr\u00e1fico de drogas.<\/p>\n<p>Com informa\u00e7\u00f5es em m\u00e3os, as guarni\u00e7\u00f5es iniciaram rastreamento e localizaram o referido autom\u00f3vel, que era ocupado por um homem de 41 e um adolescente de 16 anos. Durante buscas veiculares, foram encontradas 20 barras de maconha, dois telefones celulares e a quantia de R$ 901,00. Diante dos fatos, o autom\u00f3vel foi apreendido e os autores foram presos em flagrante, sendo estes encaminhados para a Delegacia, junto com os materiais recolhidos.<\/p>\n","protected":false},"excerpt":{"rendered":"<p>Durante opera\u00e7\u00e3o realizada na noite de domingo (8) pelo Bairro S\u00e3o Dimas (Regi\u00e3o Norte), a Pol\u00edcia Militar (PM), recebeu den\u00fancias a respeito de um autom\u00f3vel, que estaria circulando pelo local e que o mesmo estaria fazendo transporte de materiais relacionados ao tr\u00e1fico de drogas. Com informa\u00e7\u00f5es em m\u00e3os, as guarni\u00e7\u00f5es iniciaram rastreamento e localizaram o [&hellip;]<\/p>\n","protected":false},"author":96,"featured_media":172617,"comment_status":"closed","ping_status":"closed","sticky":false,"template":"","format":"standard","meta":{"footnotes":""},"categories":[301,436,440,439],"tags":[],"class_list":["post-172616","post","type-post","status-publish","format-standard","has-post-thumbnail","hentry","category-artigos-policiais","category-destaque-da-semana","category-destaques-do-dia","category-ultima-hora"],"_links":{"self":[{"href":"https:\/\/diarioregionaldigital.com.br\/index.php?rest_route=\/wp\/v2\/posts\/172616","targetHints":{"allow":["GET"]}}],"collection":[{"href":"https:\/\/diarioregionaldigital.com.br\/index.php?rest_route=\/wp\/v2\/posts"}],"about":[{"href":"https:\/\/diarioregionaldigital.com.br\/index.php?rest_route=\/wp\/v2\/types\/post"}],"author":[{"embeddable":true,"href":"https:\/\/diarioregionaldigital.com.br\/index.php?rest_route=\/wp\/v2\/users\/96"}],"replies":[{"embeddable":true,"href":"https:\/\/diarioregionaldigital.com.br\/index.php?rest_route=%2Fwp%2Fv2%2Fcomments&post=172616"}],"version-history":[{"count":0,"href":"https:\/\/diarioregionaldigital.com.br\/index.php?rest_route=\/wp\/v2\/posts\/172616\/revisions"}],"wp:featuredmedia":[{"embeddable":true,"href":"https:\/\/diarioregionaldigital.com.br\/index.php?rest_route=\/wp\/v2\/media\/172617"}],"wp:attachment":[{"href":"https:\/\/diarioregionaldigital.com.br\/index.php?rest_route=%2Fwp%2Fv2%2Fmedia&parent=172616"}],"wp:term":[{"taxonomy":"category","embeddable":true,"href":"https:\/\/diarioregionaldigital.com.br\/index.php?rest_route=%2Fwp%2Fv2%2Fcategories&post=172616"},{"taxonomy":"post_tag","embeddable":true,"href":"https:\/\/diarioregionaldigital.com.br\/index.php?rest_route=%2Fwp%2Fv2%2Ftags&post=172616"}],"curies":[{"name":"wp","href":"https:\/\/api.w.org\/{rel}","templated":true}]}}