{"id":172594,"date":"2020-11-07T18:15:51","date_gmt":"2020-11-07T21:15:51","guid":{"rendered":"https:\/\/diarioregionaldigital.com.br\/?p=172594"},"modified":"2020-11-07T18:15:51","modified_gmt":"2020-11-07T21:15:51","slug":"joe-biden-garante-votos-para-ser-eleito-presidente-dos-estados-unidos","status":"publish","type":"post","link":"https:\/\/diarioregionaldigital.com.br\/?p=172594","title":{"rendered":"Joe Biden garante votos para ser eleito presidente dos Estados Unidos"},"content":{"rendered":"<p>O candidato democrata Joe Biden ser\u00e1 o novo presidente dos Estados Unidos, segundo c\u00e1lculos de meios de comunica\u00e7\u00e3o norte-americanos, depois de ter conseguido os 20 votos do \u00a0estado da Pensilv\u00e2nia. Dados da ag\u00eancia Reuters apontam que o democrata teve 273 delegados, enquanto o republicano Donald Trump teve 214.<img decoding=\"async\" src=\"https:\/\/agenciabrasil.ebc.com.br\/ebc.png?id=1392538&amp;o=node\" \/><img decoding=\"async\" src=\"https:\/\/agenciabrasil.ebc.com.br\/ebc.gif?id=1392538&amp;o=node\" \/><\/p>\n<p>Joe Biden foi vice-presidente dos Estados Unidos no governo de Barak Obama e ser\u00e1 o presidente mais velho a assumir a Casa Branca, aos 78 anos.\u00a0Com a vit\u00f3ria de Biden, Kamala Harris ser\u00e1 a primeira mulher negra a tornar-se vice-presidente dos EUA.<\/p>\n<p>A popula\u00e7\u00e3o votou at\u00e9 a ter\u00e7a-feira (3). A\u00a0contagem de votos ainda n\u00e3o foi finalizada e pode ser contestada por a\u00e7\u00f5es judiciais.<\/p>\n<p><strong>Presidente de todos os americanos<\/strong><\/p>\n<p>O novo presidente dos EUA, disse hoje em uma rede social estar \u201chonrado\u201d por ter sido eleito presidente dos Estados Unidos. O candidato disse ainda que ser\u00e1 o presidente para todos os americanos, n\u00e3o apenas para os que votaram nele.<img decoding=\"async\" src=\"https:\/\/agenciabrasil.ebc.com.br\/ebc.png?id=1392540&amp;o=node\" \/><img decoding=\"async\" src=\"https:\/\/agenciabrasil.ebc.com.br\/ebc.gif?id=1392540&amp;o=node\" \/><\/p>\n<p>A mensagem de Biden foi publicada ap\u00f3s ag\u00eancias de not\u00edcias terem anunciado que ele j\u00e1\u00a0<a href=\"https:\/\/agenciabrasil.ebc.com.br\/internacional\/noticia\/2020-11\/joe-biden-garante-votos-para-ser-eleito-presidente-dos-estados-unidos\" target=\"_blank\" rel=\"noopener noreferrer\">havia conquistado os 270<\/a>\u00a0delegados nas elei\u00e7\u00f5es americanas, n\u00famero suficiente para ser declarado vencedor do pleito.<\/p>\n<p>\u201cAm\u00e9rica, estou honrado por voc\u00ea ter me escolhido para liderar nosso grande pa\u00eds. O trabalho que temos pela frente ser\u00e1 \u00e1rduo, mas eu prometo a voc\u00ea o seguinte: serei um presidente para todos os americanos &#8211; quer voc\u00ea tenha votado em mim ou n\u00e3o. Vou manter a f\u00e9 que voc\u00ea colocou em mim\u201d, disse Biden.<\/p>\n<p>Nos \u00faltimos dias, as ag\u00eancias de not\u00edcias j\u00e1 noticiavam o aumento da vantagem de Biden sobre o advers\u00e1rio, o presidente republicano Donald Trump, especialmente no estado da Pensilv\u00e2nia.<\/p>\n<p>Pouco depois das 13h, no hor\u00e1rio de Bras\u00edlia, as ag\u00eancias informaram que Biden venceu no estado, levando os 20 votos em disputa no Col\u00e9gio Eleitoral.<\/p>\n<h2>Vice<\/h2>\n<p>A vice-presidente da chapa de Biden, Kamala Harris, tamb\u00e9m se manifestou na rede social, dizendo que estas elei\u00e7\u00f5es n\u00e3o s\u00e3o apenas sobre Joe Biden e sobre ela, e sim sobre a alma dos Estados Unidos\u00a0e sua disposi\u00e7\u00e3o\u00a0de lutar por ela. &#8220;Temos muito trabalho pela frente&#8221;.<\/p>\n<h2>Republicano<\/h2>\n<p>Por meio de sua rede social, Trump tamb\u00e9m se manifestou. Em sua conta no Twitter, ele disse, em caixa alta, ter vencido a elei\u00e7\u00e3o, de longe.<\/p>\n<p>\u201cEu ganhei essa elei\u00e7\u00e3o, de\u00a0muito\u201d, tuitou Trump. Logo abaixo, o Twitter colocou uma advert\u00eancia na postagem dizendo que n\u00e3o havia confirma\u00e7\u00e3o de fontes oficiais sobre a declara\u00e7\u00e3o do presidente.<\/p>\n<p><strong>Fonte:\u00a0<\/strong>Ag\u00eancia Brasil<\/p>\n","protected":false},"excerpt":{"rendered":"<p>O candidato democrata Joe Biden ser\u00e1 o novo presidente dos Estados Unidos, segundo c\u00e1lculos de meios de comunica\u00e7\u00e3o norte-americanos, depois de ter conseguido os 20 votos do \u00a0estado da Pensilv\u00e2nia. Dados da ag\u00eancia Reuters apontam que o democrata teve 273 delegados, enquanto o republicano Donald Trump teve 214. Joe Biden foi vice-presidente dos Estados Unidos [&hellip;]<\/p>\n","protected":false},"author":96,"featured_media":172595,"comment_status":"closed","ping_status":"closed","sticky":false,"template":"","format":"standard","meta":{"footnotes":""},"categories":[302,436,439],"tags":[],"class_list":["post-172594","post","type-post","status-publish","format-standard","has-post-thumbnail","hentry","category-brasil-mundo","category-destaque-da-semana","category-ultima-hora"],"_links":{"self":[{"href":"https:\/\/diarioregionaldigital.com.br\/index.php?rest_route=\/wp\/v2\/posts\/172594","targetHints":{"allow":["GET"]}}],"collection":[{"href":"https:\/\/diarioregionaldigital.com.br\/index.php?rest_route=\/wp\/v2\/posts"}],"about":[{"href":"https:\/\/diarioregionaldigital.com.br\/index.php?rest_route=\/wp\/v2\/types\/post"}],"author":[{"embeddable":true,"href":"https:\/\/diarioregionaldigital.com.br\/index.php?rest_route=\/wp\/v2\/users\/96"}],"replies":[{"embeddable":true,"href":"https:\/\/diarioregionaldigital.com.br\/index.php?rest_route=%2Fwp%2Fv2%2Fcomments&post=172594"}],"version-history":[{"count":0,"href":"https:\/\/diarioregionaldigital.com.br\/index.php?rest_route=\/wp\/v2\/posts\/172594\/revisions"}],"wp:featuredmedia":[{"embeddable":true,"href":"https:\/\/diarioregionaldigital.com.br\/index.php?rest_route=\/wp\/v2\/media\/172595"}],"wp:attachment":[{"href":"https:\/\/diarioregionaldigital.com.br\/index.php?rest_route=%2Fwp%2Fv2%2Fmedia&parent=172594"}],"wp:term":[{"taxonomy":"category","embeddable":true,"href":"https:\/\/diarioregionaldigital.com.br\/index.php?rest_route=%2Fwp%2Fv2%2Fcategories&post=172594"},{"taxonomy":"post_tag","embeddable":true,"href":"https:\/\/diarioregionaldigital.com.br\/index.php?rest_route=%2Fwp%2Fv2%2Ftags&post=172594"}],"curies":[{"name":"wp","href":"https:\/\/api.w.org\/{rel}","templated":true}]}}