{"id":172575,"date":"2020-11-08T06:00:13","date_gmt":"2020-11-08T09:00:13","guid":{"rendered":"https:\/\/diarioregionaldigital.com.br\/?p=172575"},"modified":"2020-11-07T01:37:43","modified_gmt":"2020-11-07T04:37:43","slug":"realeza","status":"publish","type":"post","link":"https:\/\/diarioregionaldigital.com.br\/?p=172575","title":{"rendered":"Realeza"},"content":{"rendered":"<p style=\"text-align: center;\"><strong>Cantoria<\/strong><\/p>\n<p style=\"text-align: center;\">A jornalista \u00e9 professora Maristela Rocha acaba de firmar contrato com a ag\u00eancia paulista Ethos Comunica\u00e7\u00e3o &amp; Arte para ministrar curso de M\u00fasica Brasileira. O curso retrata g\u00eaneros do per\u00edodo colonial \u00e0 atualidade com rico material em textos e v\u00eddeos.<\/p>\n<p style=\"text-align: center;\"><strong>PatcWork<\/strong><\/p>\n<p style=\"text-align: center;\">Nos dias atuais \u00e9 bom curtir um show fashion sustent\u00e1vel tipo luxo, curtir mini escultura para usar, bordados dando up no b\u00e1sico, pe\u00e7as autorais com materiais sustent\u00e1veis e o \u00edcone Louis Vuitton com seu monograma pelo mundo afora at\u00e9 nos camel\u00f4s na Marechal em J.F.<\/p>\n<p style=\"text-align: center;\"><strong>Realeza<\/strong><\/p>\n<p style=\"text-align: center;\">Bares de Juiz de Fora est\u00e3o se reinventando e a novidade \u00e9 o Buteco do Pr\u00edncipe em S\u00e3o Pedro onde funcionava o Bar do Chinelato. O card\u00e1pio \u00e9 bem botequim com bolinhos de lingui\u00e7a e jil\u00f3 cozido recheado e cerveja gelada. Ponto para os propriet\u00e1rios Arthur Dias e Reginaldo Jr.<\/p>\n<p style=\"text-align: center;\"><strong>Esportes <\/strong><\/p>\n<p style=\"text-align: center;\">Com velocidade m\u00e1xima, Amanda Aparecida de Oliveira e Diego Braga de Oliveira, conquistaram o primeiro lugar (Categoria Geral) na 8\u00aa Corrida Solid\u00e1ria da Ascomcer.<\/p>\n<p style=\"text-align: center;\"><strong>Up:<\/strong> Novembro \u00e9 bom para: Fazer a energia circular botando a mente e o corpo para trabalhar.<\/p>\n<div id=\"attachment_172564\" style=\"width: 690px\" class=\"wp-caption aligncenter\"><img loading=\"lazy\" decoding=\"async\" aria-describedby=\"caption-attachment-172564\" class=\"wp-image-172564\" src=\"https:\/\/diarioregionaldigital.com.br\/wp-content\/uploads\/2020\/11\/fotoa-4.jpg\" alt=\"\" width=\"680\" height=\"474\" srcset=\"https:\/\/diarioregionaldigital.com.br\/wp-content\/uploads\/2020\/11\/fotoa-4.jpg 915w, https:\/\/diarioregionaldigital.com.br\/wp-content\/uploads\/2020\/11\/fotoa-4-300x210.jpg 300w, https:\/\/diarioregionaldigital.com.br\/wp-content\/uploads\/2020\/11\/fotoa-4-768x536.jpg 768w, https:\/\/diarioregionaldigital.com.br\/wp-content\/uploads\/2020\/11\/fotoa-4-360x251.jpg 360w, https:\/\/diarioregionaldigital.com.br\/wp-content\/uploads\/2020\/11\/fotoa-4-100x70.jpg 100w\" sizes=\"auto, (max-width: 680px) 100vw, 680px\" \/><p id=\"caption-attachment-172564\" class=\"wp-caption-text\">A elegante Neuza Pasqualini Ribeiro festejou seus 87 anos em sua resid\u00eancia no Grambery ladeada de sua fam\u00edlia com: Yuri, Guiliano, Ana Cristina, Ana Paula, Caio, Gabriela, Ana L\u00facia e os cachorros Cindy e Milo<\/p><\/div>\n<div id=\"attachment_172565\" style=\"width: 690px\" class=\"wp-caption aligncenter\"><img loading=\"lazy\" decoding=\"async\" aria-describedby=\"caption-attachment-172565\" class=\"wp-image-172565\" src=\"https:\/\/diarioregionaldigital.com.br\/wp-content\/uploads\/2020\/11\/fotoaa-2.jpg\" alt=\"\" width=\"680\" height=\"511\" srcset=\"https:\/\/diarioregionaldigital.com.br\/wp-content\/uploads\/2020\/11\/fotoaa-2.jpg 462w, https:\/\/diarioregionaldigital.com.br\/wp-content\/uploads\/2020\/11\/fotoaa-2-300x225.jpg 300w, https:\/\/diarioregionaldigital.com.br\/wp-content\/uploads\/2020\/11\/fotoaa-2-360x270.jpg 360w\" sizes=\"auto, (max-width: 680px) 100vw, 680px\" \/><p id=\"caption-attachment-172565\" class=\"wp-caption-text\">A elegante Dalva Westermann festejando o anivers\u00e1rio do filho Yuri Westermann<\/p><\/div>\n<div id=\"attachment_172566\" style=\"width: 690px\" class=\"wp-caption aligncenter\"><img loading=\"lazy\" decoding=\"async\" aria-describedby=\"caption-attachment-172566\" class=\"wp-image-172566\" src=\"https:\/\/diarioregionaldigital.com.br\/wp-content\/uploads\/2020\/11\/fotob-2-e1604723084587.jpg\" alt=\"\" width=\"680\" height=\"490\" srcset=\"https:\/\/diarioregionaldigital.com.br\/wp-content\/uploads\/2020\/11\/fotob-2-e1604723084587.jpg 1076w, https:\/\/diarioregionaldigital.com.br\/wp-content\/uploads\/2020\/11\/fotob-2-e1604723084587-300x216.jpg 300w, https:\/\/diarioregionaldigital.com.br\/wp-content\/uploads\/2020\/11\/fotob-2-e1604723084587-1024x738.jpg 1024w, https:\/\/diarioregionaldigital.com.br\/wp-content\/uploads\/2020\/11\/fotob-2-e1604723084587-768x554.jpg 768w, https:\/\/diarioregionaldigital.com.br\/wp-content\/uploads\/2020\/11\/fotob-2-e1604723084587-360x260.jpg 360w\" sizes=\"auto, (max-width: 680px) 100vw, 680px\" \/><p id=\"caption-attachment-172566\" class=\"wp-caption-text\">Um foco de luz na bonita e competente Renata Jacob Daniel Salom\u00e3o<\/p><\/div>\n<div id=\"attachment_172567\" style=\"width: 690px\" class=\"wp-caption aligncenter\"><img loading=\"lazy\" decoding=\"async\" aria-describedby=\"caption-attachment-172567\" class=\"wp-image-172567\" src=\"https:\/\/diarioregionaldigital.com.br\/wp-content\/uploads\/2020\/11\/fotobb-1-e1604723130750.jpg\" alt=\"\" width=\"680\" height=\"522\" srcset=\"https:\/\/diarioregionaldigital.com.br\/wp-content\/uploads\/2020\/11\/fotobb-1-e1604723130750.jpg 344w, https:\/\/diarioregionaldigital.com.br\/wp-content\/uploads\/2020\/11\/fotobb-1-e1604723130750-300x230.jpg 300w\" sizes=\"auto, (max-width: 680px) 100vw, 680px\" \/><p id=\"caption-attachment-172567\" class=\"wp-caption-text\">No auge de seus 80 anos a elegant\u00e9rrima Marlene Belo. Comemorou com familiares em ritmo de alto astral<\/p><\/div>\n<div id=\"attachment_172568\" style=\"width: 690px\" class=\"wp-caption aligncenter\"><img loading=\"lazy\" decoding=\"async\" aria-describedby=\"caption-attachment-172568\" class=\"wp-image-172568\" src=\"https:\/\/diarioregionaldigital.com.br\/wp-content\/uploads\/2020\/11\/fotoc-3-e1604723171931.jpg\" alt=\"\" width=\"680\" height=\"514\" srcset=\"https:\/\/diarioregionaldigital.com.br\/wp-content\/uploads\/2020\/11\/fotoc-3-e1604723171931.jpg 656w, https:\/\/diarioregionaldigital.com.br\/wp-content\/uploads\/2020\/11\/fotoc-3-e1604723171931-300x227.jpg 300w, https:\/\/diarioregionaldigital.com.br\/wp-content\/uploads\/2020\/11\/fotoc-3-e1604723171931-360x272.jpg 360w\" sizes=\"auto, (max-width: 680px) 100vw, 680px\" \/><p id=\"caption-attachment-172568\" class=\"wp-caption-text\">Direto de Miracema (RJ), o farmac\u00eautica e modelo Josean Pestana<\/p><\/div>\n<div id=\"attachment_172569\" style=\"width: 690px\" class=\"wp-caption aligncenter\"><img loading=\"lazy\" decoding=\"async\" aria-describedby=\"caption-attachment-172569\" class=\"wp-image-172569\" src=\"https:\/\/diarioregionaldigital.com.br\/wp-content\/uploads\/2020\/11\/fotod-3.jpg\" alt=\"\" width=\"680\" height=\"453\" srcset=\"https:\/\/diarioregionaldigital.com.br\/wp-content\/uploads\/2020\/11\/fotod-3.jpg 920w, https:\/\/diarioregionaldigital.com.br\/wp-content\/uploads\/2020\/11\/fotod-3-300x200.jpg 300w, https:\/\/diarioregionaldigital.com.br\/wp-content\/uploads\/2020\/11\/fotod-3-768x512.jpg 768w, https:\/\/diarioregionaldigital.com.br\/wp-content\/uploads\/2020\/11\/fotod-3-360x240.jpg 360w\" sizes=\"auto, (max-width: 680px) 100vw, 680px\" \/><p id=\"caption-attachment-172569\" class=\"wp-caption-text\">Antes da pandemia no Privil\u00e9ge, os lindos: Advogado Len\u00edlson Fonseca e a cantora Sandra Portella<\/p><\/div>\n<div id=\"attachment_172570\" style=\"width: 690px\" class=\"wp-caption aligncenter\"><img loading=\"lazy\" decoding=\"async\" aria-describedby=\"caption-attachment-172570\" class=\"wp-image-172570\" src=\"https:\/\/diarioregionaldigital.com.br\/wp-content\/uploads\/2020\/11\/fotoe-e1604723217258.jpeg\" alt=\"\" width=\"680\" height=\"516\" srcset=\"https:\/\/diarioregionaldigital.com.br\/wp-content\/uploads\/2020\/11\/fotoe-e1604723217258.jpeg 765w, https:\/\/diarioregionaldigital.com.br\/wp-content\/uploads\/2020\/11\/fotoe-e1604723217258-300x228.jpeg 300w, https:\/\/diarioregionaldigital.com.br\/wp-content\/uploads\/2020\/11\/fotoe-e1604723217258-360x273.jpeg 360w\" sizes=\"auto, (max-width: 680px) 100vw, 680px\" \/><p id=\"caption-attachment-172570\" class=\"wp-caption-text\">Em Bras\u00edlia (DF) paparicando o filho: Maria Rita Gomes da Rocha e o bonit\u00e3o Bruno C\u00e9sar Gomes da Rocha<\/p><\/div>\n<div id=\"attachment_172571\" style=\"width: 690px\" class=\"wp-caption aligncenter\"><img loading=\"lazy\" decoding=\"async\" aria-describedby=\"caption-attachment-172571\" class=\"wp-image-172571\" src=\"https:\/\/diarioregionaldigital.com.br\/wp-content\/uploads\/2020\/11\/fotof-2-e1604723247531.jpg\" alt=\"\" width=\"680\" height=\"506\" srcset=\"https:\/\/diarioregionaldigital.com.br\/wp-content\/uploads\/2020\/11\/fotof-2-e1604723247531.jpg 712w, https:\/\/diarioregionaldigital.com.br\/wp-content\/uploads\/2020\/11\/fotof-2-e1604723247531-300x223.jpg 300w, https:\/\/diarioregionaldigital.com.br\/wp-content\/uploads\/2020\/11\/fotof-2-e1604723247531-360x268.jpg 360w\" sizes=\"auto, (max-width: 680px) 100vw, 680px\" \/><p id=\"caption-attachment-172571\" class=\"wp-caption-text\">Em Paris antes da pandemia, a educadora e escritora Regina Miriam<\/p><\/div>\n<div id=\"attachment_172572\" style=\"width: 690px\" class=\"wp-caption aligncenter\"><img loading=\"lazy\" decoding=\"async\" aria-describedby=\"caption-attachment-172572\" class=\"wp-image-172572\" src=\"https:\/\/diarioregionaldigital.com.br\/wp-content\/uploads\/2020\/11\/fotog-3-e1604723272550.jpg\" alt=\"\" width=\"680\" height=\"495\" srcset=\"https:\/\/diarioregionaldigital.com.br\/wp-content\/uploads\/2020\/11\/fotog-3-e1604723272550.jpg 1071w, https:\/\/diarioregionaldigital.com.br\/wp-content\/uploads\/2020\/11\/fotog-3-e1604723272550-300x218.jpg 300w, https:\/\/diarioregionaldigital.com.br\/wp-content\/uploads\/2020\/11\/fotog-3-e1604723272550-1024x746.jpg 1024w, https:\/\/diarioregionaldigital.com.br\/wp-content\/uploads\/2020\/11\/fotog-3-e1604723272550-768x559.jpg 768w, https:\/\/diarioregionaldigital.com.br\/wp-content\/uploads\/2020\/11\/fotog-3-e1604723272550-360x262.jpg 360w\" sizes=\"auto, (max-width: 680px) 100vw, 680px\" \/><p id=\"caption-attachment-172572\" class=\"wp-caption-text\">Bonita e carism\u00e1tica, a jornalista Vivia Lima recebe um clique especial nesta fase da pandemia<\/p><\/div>\n<div id=\"attachment_172573\" style=\"width: 690px\" class=\"wp-caption aligncenter\"><img loading=\"lazy\" decoding=\"async\" aria-describedby=\"caption-attachment-172573\" class=\"wp-image-172573\" src=\"https:\/\/diarioregionaldigital.com.br\/wp-content\/uploads\/2020\/11\/fotoh-1-e1604723303742.jpg\" alt=\"\" width=\"680\" height=\"494\" srcset=\"https:\/\/diarioregionaldigital.com.br\/wp-content\/uploads\/2020\/11\/fotoh-1-e1604723303742.jpg 1385w, https:\/\/diarioregionaldigital.com.br\/wp-content\/uploads\/2020\/11\/fotoh-1-e1604723303742-300x218.jpg 300w, https:\/\/diarioregionaldigital.com.br\/wp-content\/uploads\/2020\/11\/fotoh-1-e1604723303742-1024x745.jpg 1024w, https:\/\/diarioregionaldigital.com.br\/wp-content\/uploads\/2020\/11\/fotoh-1-e1604723303742-768x558.jpg 768w, https:\/\/diarioregionaldigital.com.br\/wp-content\/uploads\/2020\/11\/fotoh-1-e1604723303742-360x262.jpg 360w\" sizes=\"auto, (max-width: 680px) 100vw, 680px\" \/><p id=\"caption-attachment-172573\" class=\"wp-caption-text\">Eleito um dos mais queridos desta p\u00e1gina Gui Schr\u00f6der da Staff do Privil\u00e9ge<\/p><\/div>\n<div id=\"attachment_172574\" style=\"width: 690px\" class=\"wp-caption aligncenter\"><img loading=\"lazy\" decoding=\"async\" aria-describedby=\"caption-attachment-172574\" class=\"wp-image-172574\" src=\"https:\/\/diarioregionaldigital.com.br\/wp-content\/uploads\/2020\/11\/fotoi-2-e1604723336269.jpg\" alt=\"\" width=\"680\" height=\"482\" srcset=\"https:\/\/diarioregionaldigital.com.br\/wp-content\/uploads\/2020\/11\/fotoi-2-e1604723336269.jpg 1986w, https:\/\/diarioregionaldigital.com.br\/wp-content\/uploads\/2020\/11\/fotoi-2-e1604723336269-300x213.jpg 300w, https:\/\/diarioregionaldigital.com.br\/wp-content\/uploads\/2020\/11\/fotoi-2-e1604723336269-1024x726.jpg 1024w, https:\/\/diarioregionaldigital.com.br\/wp-content\/uploads\/2020\/11\/fotoi-2-e1604723336269-768x544.jpg 768w, https:\/\/diarioregionaldigital.com.br\/wp-content\/uploads\/2020\/11\/fotoi-2-e1604723336269-1536x1089.jpg 1536w, https:\/\/diarioregionaldigital.com.br\/wp-content\/uploads\/2020\/11\/fotoi-2-e1604723336269-750x530.jpg 750w, https:\/\/diarioregionaldigital.com.br\/wp-content\/uploads\/2020\/11\/fotoi-2-e1604723336269-360x255.jpg 360w, https:\/\/diarioregionaldigital.com.br\/wp-content\/uploads\/2020\/11\/fotoi-2-e1604723336269-100x70.jpg 100w\" sizes=\"auto, (max-width: 680px) 100vw, 680px\" \/><p id=\"caption-attachment-172574\" class=\"wp-caption-text\">Em cena amigos para sempre no Bar do L\u00e9o: Patr\u00edcia Caniato e Peterson Marciano<\/p><\/div>\n<p style=\"text-align: center;\"><strong>FOTOSS\u00cdNTESE<\/strong><\/p>\n<p>Mariana Guerra se destaca nas aulas de pintura coordenada pelo artista pl\u00e1stico Rangel.<\/p>\n<p>Aten\u00e7\u00e3o: drones que ser\u00e3o utilizados para fiscalizar crimes eleitorais poder\u00e3o no futuro tamb\u00e9m fiscalizar trai\u00e7\u00e3o de homens e mulheres. Fique de olho!<\/p>\n<p>As aulas presenciais nas escolas privadas de Juiz de Fora foi vetado pela Vara da Fazenda P\u00fablica e Autarquias de Belo Horizonte e em toda Minas Gerais. Devido a Covid-19, ainda n\u00e3o h\u00e1, segunda o sindicato dos professores condi\u00e7\u00f5es para que o retorno \u00e0s salas de aula aconte\u00e7a de maneira segura.<\/p>\n<p>Aniversariante de destaque da temporada social, o artista-pl\u00e1stico Gerson Guedes vai inaugurar em dezembro na reabertura da Esta\u00e7\u00e3o de Arte, em Ibitipoca, seis pain\u00e9is narrando a hist\u00f3ria da ferrovia na regi\u00e3o.<\/p>\n<p>Causou impacto a live \u201cConven\u00e7\u00e3o virtual de bruxas\u201d, tema desenvolvido pela jornalista Thais Pifano no Instragram da Biblioteca municipal Murilo Mendes.<\/p>\n<p>O Museu de Arte Murilo Mendes recebeu obras provenientes de apreens\u00e3o da Receita Federal. Dentre elas, Vik Muniz, Emmanuel Nassar, Aldemir Martins, Manabu Mabe.<\/p>\n<p>Fazendo sucesso as tiaras e prendedores de cabelo com pedras coloridas na Maison by Candy, no Mister Shopping, 2\u00ba piso.<\/p>\n<p>Mo\u00e7as e rapazes lindos est\u00e3o em contagem regressiva para a final dias 21 do concursos Miss e Mr. Juiz de Fora 2020. Coordenado por Diley Almeida, \u00e9 o \u00fanico concurso de credibilidade de Juiz de Fora.<\/p>\n<p>Ela ligou e falou: \u201cUm homem que beija a sua m\u00e3o pode ser uma delicia, mas uma pulseira de safiras e diamantes dura para sempre\u201d. (Anita Laoos) Bom dia.<\/p>\n<p><img loading=\"lazy\" decoding=\"async\" class=\"aligncenter size-full wp-image-172576\" src=\"https:\/\/diarioregionaldigital.com.br\/wp-content\/uploads\/2020\/11\/anuncio98-scaled.jpg\" alt=\"\" width=\"2560\" height=\"970\" srcset=\"https:\/\/diarioregionaldigital.com.br\/wp-content\/uploads\/2020\/11\/anuncio98-scaled.jpg 2560w, https:\/\/diarioregionaldigital.com.br\/wp-content\/uploads\/2020\/11\/anuncio98-300x114.jpg 300w, https:\/\/diarioregionaldigital.com.br\/wp-content\/uploads\/2020\/11\/anuncio98-1024x388.jpg 1024w, https:\/\/diarioregionaldigital.com.br\/wp-content\/uploads\/2020\/11\/anuncio98-768x291.jpg 768w, https:\/\/diarioregionaldigital.com.br\/wp-content\/uploads\/2020\/11\/anuncio98-1536x582.jpg 1536w, https:\/\/diarioregionaldigital.com.br\/wp-content\/uploads\/2020\/11\/anuncio98-2048x776.jpg 2048w, https:\/\/diarioregionaldigital.com.br\/wp-content\/uploads\/2020\/11\/anuncio98-360x136.jpg 360w\" sizes=\"auto, (max-width: 2560px) 100vw, 2560px\" \/><\/p>\n","protected":false},"excerpt":{"rendered":"<p>Cantoria A jornalista \u00e9 professora Maristela Rocha acaba de firmar contrato com a ag\u00eancia paulista Ethos Comunica\u00e7\u00e3o &amp; Arte para ministrar curso de M\u00fasica Brasileira. O curso retrata g\u00eaneros do per\u00edodo colonial \u00e0 atualidade com rico material em textos e v\u00eddeos. PatcWork Nos dias atuais \u00e9 bom curtir um show fashion sustent\u00e1vel tipo luxo, curtir [&hellip;]<\/p>\n","protected":false},"author":96,"featured_media":172564,"comment_status":"closed","ping_status":"closed","sticky":false,"template":"","format":"standard","meta":{"footnotes":""},"categories":[264],"tags":[],"class_list":["post-172575","post","type-post","status-publish","format-standard","has-post-thumbnail","hentry","category-eduardo-gomes"],"_links":{"self":[{"href":"https:\/\/diarioregionaldigital.com.br\/index.php?rest_route=\/wp\/v2\/posts\/172575","targetHints":{"allow":["GET"]}}],"collection":[{"href":"https:\/\/diarioregionaldigital.com.br\/index.php?rest_route=\/wp\/v2\/posts"}],"about":[{"href":"https:\/\/diarioregionaldigital.com.br\/index.php?rest_route=\/wp\/v2\/types\/post"}],"author":[{"embeddable":true,"href":"https:\/\/diarioregionaldigital.com.br\/index.php?rest_route=\/wp\/v2\/users\/96"}],"replies":[{"embeddable":true,"href":"https:\/\/diarioregionaldigital.com.br\/index.php?rest_route=%2Fwp%2Fv2%2Fcomments&post=172575"}],"version-history":[{"count":0,"href":"https:\/\/diarioregionaldigital.com.br\/index.php?rest_route=\/wp\/v2\/posts\/172575\/revisions"}],"wp:featuredmedia":[{"embeddable":true,"href":"https:\/\/diarioregionaldigital.com.br\/index.php?rest_route=\/wp\/v2\/media\/172564"}],"wp:attachment":[{"href":"https:\/\/diarioregionaldigital.com.br\/index.php?rest_route=%2Fwp%2Fv2%2Fmedia&parent=172575"}],"wp:term":[{"taxonomy":"category","embeddable":true,"href":"https:\/\/diarioregionaldigital.com.br\/index.php?rest_route=%2Fwp%2Fv2%2Fcategories&post=172575"},{"taxonomy":"post_tag","embeddable":true,"href":"https:\/\/diarioregionaldigital.com.br\/index.php?rest_route=%2Fwp%2Fv2%2Ftags&post=172575"}],"curies":[{"name":"wp","href":"https:\/\/api.w.org\/{rel}","templated":true}]}}