{"id":172554,"date":"2020-11-06T18:07:15","date_gmt":"2020-11-06T21:07:15","guid":{"rendered":"https:\/\/diarioregionaldigital.com.br\/?p=172554"},"modified":"2020-11-06T18:07:15","modified_gmt":"2020-11-06T21:07:15","slug":"secretaria-de-saude-notifica-84-novos-casos-por-coronavirus","status":"publish","type":"post","link":"https:\/\/diarioregionaldigital.com.br\/?p=172554","title":{"rendered":"Secretaria de Sa\u00fade notifica 84 novos casos por Coronav\u00edrus"},"content":{"rendered":"<p>O novo boletim epidemiol\u00f3gico divulgado nesta sexta-feira (6) pela Secretaria de Sa\u00fade (SS) da Prefeitura de Juiz de Fora (PJF), aponta que o munic\u00edpio registrou mais 84 novos casos por Coronav\u00edrus, nas \u00faltimas 24h, totalizando 7.931 pessoas infectadas. Na data de hoje, foi confirmada mais uma morte pela doen\u00e7a, acumulando 269 \u00f3bitos. A v\u00edtima \u00e9 uma idosa, de 72 anos, que morreu na quinta-feira (5). Como comorbidades, ela apresentava Doen\u00e7a Cardiovascular Cr\u00f4nica (DCC), Diabetes Mellitus e obesidade. Al\u00e9m disso, 26.422 pacientes s\u00e3o suspeitos de terem a doen\u00e7a.<\/p>\n<p><b>Leitos\u00a0<\/b><\/p>\n<p>Segundo informa\u00e7\u00f5es da PJF, os leitos de enfermaria est\u00e3o com 60,65% de ocupa\u00e7\u00e3o. J\u00e1 os os leitos de UTI e SUS, est\u00e3o com taxa de 76,23% e 82,18% respectivamente.<\/p>\n","protected":false},"excerpt":{"rendered":"<p>O novo boletim epidemiol\u00f3gico divulgado nesta sexta-feira (6) pela Secretaria de Sa\u00fade (SS) da Prefeitura de Juiz de Fora (PJF), aponta que o munic\u00edpio registrou mais 84 novos casos por Coronav\u00edrus, nas \u00faltimas 24h, totalizando 7.931 pessoas infectadas. Na data de hoje, foi confirmada mais uma morte pela doen\u00e7a, acumulando 269 \u00f3bitos. A v\u00edtima \u00e9 [&hellip;]<\/p>\n","protected":false},"author":96,"featured_media":157737,"comment_status":"closed","ping_status":"closed","sticky":false,"template":"","format":"standard","meta":{"footnotes":""},"categories":[253,436,440,439],"tags":[],"class_list":["post-172554","post","type-post","status-publish","format-standard","has-post-thumbnail","hentry","category-cidade","category-destaque-da-semana","category-destaques-do-dia","category-ultima-hora"],"_links":{"self":[{"href":"https:\/\/diarioregionaldigital.com.br\/index.php?rest_route=\/wp\/v2\/posts\/172554","targetHints":{"allow":["GET"]}}],"collection":[{"href":"https:\/\/diarioregionaldigital.com.br\/index.php?rest_route=\/wp\/v2\/posts"}],"about":[{"href":"https:\/\/diarioregionaldigital.com.br\/index.php?rest_route=\/wp\/v2\/types\/post"}],"author":[{"embeddable":true,"href":"https:\/\/diarioregionaldigital.com.br\/index.php?rest_route=\/wp\/v2\/users\/96"}],"replies":[{"embeddable":true,"href":"https:\/\/diarioregionaldigital.com.br\/index.php?rest_route=%2Fwp%2Fv2%2Fcomments&post=172554"}],"version-history":[{"count":0,"href":"https:\/\/diarioregionaldigital.com.br\/index.php?rest_route=\/wp\/v2\/posts\/172554\/revisions"}],"wp:featuredmedia":[{"embeddable":true,"href":"https:\/\/diarioregionaldigital.com.br\/index.php?rest_route=\/wp\/v2\/media\/157737"}],"wp:attachment":[{"href":"https:\/\/diarioregionaldigital.com.br\/index.php?rest_route=%2Fwp%2Fv2%2Fmedia&parent=172554"}],"wp:term":[{"taxonomy":"category","embeddable":true,"href":"https:\/\/diarioregionaldigital.com.br\/index.php?rest_route=%2Fwp%2Fv2%2Fcategories&post=172554"},{"taxonomy":"post_tag","embeddable":true,"href":"https:\/\/diarioregionaldigital.com.br\/index.php?rest_route=%2Fwp%2Fv2%2Ftags&post=172554"}],"curies":[{"name":"wp","href":"https:\/\/api.w.org\/{rel}","templated":true}]}}