{"id":172551,"date":"2020-11-06T17:39:09","date_gmt":"2020-11-06T20:39:09","guid":{"rendered":"https:\/\/diarioregionaldigital.com.br\/?p=172551"},"modified":"2020-11-06T17:39:09","modified_gmt":"2020-11-06T20:39:09","slug":"hospital-universitario-abre-48-vagas-para-programas-de-residencia-em-saude","status":"publish","type":"post","link":"https:\/\/diarioregionaldigital.com.br\/?p=172551","title":{"rendered":"Hospital Universit\u00e1rio abre 48 vagas para programas de resid\u00eancia em Sa\u00fade"},"content":{"rendered":"<p>O Hospital Universit\u00e1rio (HU\/Ebserh), da Universidade Federal de Juiz de Fora (UFJF), divulgou\u00a0 o <a href=\"https:\/\/www.ufjf.br\/huresidencias\/files\/2020\/11\/Edital-N%c2%ba-01-2020-Programas-de-Reside%cc%82ncia-Multiprofissionais-e-em-%c3%81reas-Profissionais-da-Sa%c3%bade-do-HU-UFJF.pdf\">Edital n\u00ba 01\/2020<\/a>,\u00a0destinado \u00e0 sele\u00e7\u00e3o de candidatos para Programas de Resid\u00eancia Multiprofissionais e \u00c1reas Profissionais da Sa\u00fade. S\u00e3o oferecidas 48 vagas, distribu\u00eddas por quatro programas.<\/p>\n<p>As atividades t\u00eam in\u00edcio no dia 1\u00ba de mar\u00e7o de 2021; e as bolsas t\u00eam remunera\u00e7\u00e3o de R$ 3.330,43, de acordo com o estabelecido pelo Minist\u00e9rio da Educa\u00e7\u00e3o (MEC).<\/p>\n<p><b>Inscri\u00e7\u00f5es<br \/>\n<\/b>As inscri\u00e7\u00f5es devem ser realizadas das 12h da pr\u00f3xima ter\u00e7a-feira, 10 de novembro, at\u00e9 \u00e0s 18h do dia 24 deste m\u00eas, exclusivamente pela internet, na\u00a0<a href=\"https:\/\/www.ufjf.br\/huresidencias\/coremu\/editais-coremu\/processo-seletivo-2021\/\">p\u00e1gina da Comiss\u00e3o de Resid\u00eancia Multiprofissional em Sa\u00fade (Coremu)<\/a>.<\/p>\n<p>A taxa de inscri\u00e7\u00e3o \u00e9 de R$180,00.<\/p>\n<p>Podem se inscrever profissionais graduados que possuam registro no Conselho Regional Profissional, de acordo com a \u00e1rea\/profiss\u00e3o de cada programa; al\u00e9m de graduandos do \u00faltimo ano ou \u00faltimo per\u00edodo do curso de gradua\u00e7\u00e3o, de acordo com a \u00e1rea\/profiss\u00e3o de cada programa.<\/p>\n<p>No ato da matr\u00edcula, \u00e9 obrigat\u00f3ria a apresenta\u00e7\u00e3o do diploma ou atestado de Cola\u00e7\u00e3o de Grau, al\u00e9m do Hist\u00f3rico Escolar. Candidatos estrangeiros ou formados no exterior devem apresentar c\u00f3pia digitalizada do diploma revalidado no Brasil para ter sua inscri\u00e7\u00e3o confirmada.<\/p>\n<p>Candidatos inscritos no Cadastro \u00danico para Programas Sociais do Governo Federal (Cad\u00danico) podem requerer isen\u00e7\u00e3o total do pagamento da taxa de inscri\u00e7\u00e3o. A solicita\u00e7\u00e3o deve ser feita das 12h desta ter\u00e7a, dia 10, at\u00e9 \u00e0s 18h do dia 16 de novembro. O resultado dos pedidos de isen\u00e7\u00e3o estar\u00e3o dispon\u00edveis a partir das 15h do dia 19.<\/p>\n<p><b>Vagas<br \/>\n<\/b>S\u00e3o oferecidas 48 vagas, distribu\u00eddas entre quatro programas, conforme as tabelas:<\/p>\n<table id=\"tablepress-20\" class=\"tablepress tablepress-id-20\">\n<thead>\n<tr class=\"row-1 odd\">\n<th class=\"column-1\">Programas e \u00c1rea Profissional<\/th>\n<th class=\"column-2\">N\u00famero de vagas<\/th>\n<\/tr>\n<\/thead>\n<tbody class=\"row-hover\">\n<tr class=\"row-2 even\">\n<td class=\"column-1\">Farm\u00e1cia<\/td>\n<td class=\"column-2\">2<\/td>\n<\/tr>\n<tr class=\"row-3 odd\">\n<td class=\"column-1\">Gest\u00e3o Hospitalar &#8211; Administra\u00e7\u00e3o<\/td>\n<td class=\"column-2\">2<\/td>\n<\/tr>\n<tr class=\"row-4 even\">\n<td class=\"column-1\">Gest\u00e3o Hospitalar &#8211; Economia<\/td>\n<td class=\"column-2\">2<\/td>\n<\/tr>\n<\/tbody>\n<\/table>\n<table id=\"tablepress-21\" class=\"tablepress tablepress-id-21\">\n<thead>\n<tr class=\"row-1 odd\">\n<th class=\"column-1\">Multiprofissional em Sa\u00fade do Adulto com \u00eanfase em doen\u00e7as cr\u00f4nico-degenerativas<\/th>\n<th class=\"column-2\">N\u00famero de vagas<\/th>\n<\/tr>\n<\/thead>\n<tbody class=\"row-hover\">\n<tr class=\"row-2 even\">\n<td class=\"column-1\">An\u00e1lises Cl\u00ednicas (Farm\u00e1cia)<\/td>\n<td class=\"column-2\">2<\/td>\n<\/tr>\n<tr class=\"row-3 odd\">\n<td class=\"column-1\">Educa\u00e7\u00e3o F\u00edsica<\/td>\n<td class=\"column-2\">2<\/td>\n<\/tr>\n<tr class=\"row-4 even\">\n<td class=\"column-1\">Enfermagem<\/td>\n<td class=\"column-2\">2<\/td>\n<\/tr>\n<tr class=\"row-5 odd\">\n<td class=\"column-1\">Farm\u00e1cia<\/td>\n<td class=\"column-2\">1<\/td>\n<\/tr>\n<tr class=\"row-6 even\">\n<td class=\"column-1\">Fisioterapia<\/td>\n<td class=\"column-2\">2<\/td>\n<\/tr>\n<tr class=\"row-7 odd\">\n<td class=\"column-1\">Nutri\u00e7\u00e3o<\/td>\n<td class=\"column-2\">2<\/td>\n<\/tr>\n<tr class=\"row-8 even\">\n<td class=\"column-1\">Psicologia<\/td>\n<td class=\"column-2\">2<\/td>\n<\/tr>\n<tr class=\"row-9 odd\">\n<td class=\"column-1\">Servi\u00e7o Social<\/td>\n<td class=\"column-2\">2<\/td>\n<\/tr>\n<\/tbody>\n<\/table>\n<table id=\"tablepress-22\" class=\"tablepress tablepress-id-22\">\n<thead>\n<tr class=\"row-1 odd\">\n<th class=\"column-1\">Integrada Multiprofissional em Aten\u00e7\u00e3o Hospitalar<\/th>\n<th class=\"column-2\">N\u00famero de vagas<\/th>\n<\/tr>\n<\/thead>\n<tbody class=\"row-hover\">\n<tr class=\"row-2 even\">\n<td class=\"column-1\">An\u00e1lises Cl\u00ednicas (Farm\u00e1cia)<\/td>\n<td class=\"column-2\">4<\/td>\n<\/tr>\n<tr class=\"row-3 odd\">\n<td class=\"column-1\">Enfermagem<\/td>\n<td class=\"column-2\">2<\/td>\n<\/tr>\n<tr class=\"row-4 even\">\n<td class=\"column-1\">Farm\u00e1cia<\/td>\n<td class=\"column-2\">3<\/td>\n<\/tr>\n<tr class=\"row-5 odd\">\n<td class=\"column-1\">Fisioterapia<\/td>\n<td class=\"column-2\">2<\/td>\n<\/tr>\n<tr class=\"row-6 even\">\n<td class=\"column-1\">Nutri\u00e7\u00e3o<\/td>\n<td class=\"column-2\">2<\/td>\n<\/tr>\n<tr class=\"row-7 odd\">\n<td class=\"column-1\">Psicologia<\/td>\n<td class=\"column-2\">2<\/td>\n<\/tr>\n<tr class=\"row-8 even\">\n<td class=\"column-1\">Servi\u00e7o Social<\/td>\n<td class=\"column-2\">2<\/td>\n<\/tr>\n<\/tbody>\n<\/table>\n<table id=\"tablepress-23\" class=\"tablepress tablepress-id-23\">\n<thead>\n<tr class=\"row-1 odd\">\n<th class=\"column-1\">Multiprofissional em Sa\u00fade da Fam\u00edlia<\/th>\n<th class=\"column-2\">N\u00famero de vagas<\/th>\n<\/tr>\n<\/thead>\n<tbody class=\"row-hover\">\n<tr class=\"row-2 even\">\n<td class=\"column-1\">Enfermagem<\/td>\n<td class=\"column-2\">4<\/td>\n<\/tr>\n<tr class=\"row-3 odd\">\n<td class=\"column-1\">Odontologia<\/td>\n<td class=\"column-2\">2<\/td>\n<\/tr>\n<tr class=\"row-4 even\">\n<td class=\"column-1\">Servi\u00e7o Social<\/td>\n<td class=\"column-2\">4<\/td>\n<\/tr>\n<\/tbody>\n<\/table>\n<p><b>Processo seletivo<br \/>\n<\/b>O processo seletivo ser\u00e1 composto de duas etapas: avalia\u00e7\u00e3o de curr\u00edculo e prova objetiva. A postagem do curr\u00edculo e dos documentos comprobat\u00f3rios \u2013 elencados no Edital \u2013 deve ser feita no ato da inscri\u00e7\u00e3o, no per\u00edodo de 10 a 24 de novembro.<\/p>\n<p>A avalia\u00e7\u00e3o do curr\u00edculo tem car\u00e1ter classificat\u00f3rio e eliminat\u00f3rio. O n\u00famero de candidatos classificados para a prova objetiva em cada \u00e1rea\/programa \u00e9 de tr\u00eas por vaga, a partir da maior nota. Se houver empate na nota do \u00faltimo selecionado, ser\u00e3o convocados para a prova objetiva todos os que obtiverem nota igual ao do \u00faltimo classificado.<\/p>\n<p>O curr\u00edculo, com peso 2, tem valor de cem pontos. A avalia\u00e7\u00e3o pela banca ser\u00e1 realizada entre os dias 30 de novembro e 11 de dezembro; e a divulga\u00e7\u00e3o do resultado final da avalia\u00e7\u00e3o curricular est\u00e1 prevista para 22 de dezembro.<\/p>\n<p>A prova objetiva, de car\u00e1ter classificat\u00f3rio, ser\u00e1 composta de 40 quest\u00f5es de m\u00faltipla escolha, sendo dez relacionadas aos conhecimentos de sa\u00fade p\u00fablica e 30 de conhecimentos espec\u00edficos da \u00e1rea profissional do candidato. A prova tem peso 8, com valor de cem pontos.<\/p>\n<p>A aplica\u00e7\u00e3o da prova est\u00e1 marcada para o dia 17 de janeiro de 2020, das 9h \u00e0s 12h. O gabarito preliminar das quest\u00f5es e o caderno de provas ser\u00e1 divulgado no site da Coremu, no dia 18 de janeiro.<\/p>\n<p>O resultado definitivo da prova objetiva e o resultado final do processo seletivo ser\u00e3o divulgados no dia 29 de janeiro, tamb\u00e9m pela internet.<\/p>\n<p><b>Cuidados com a pandemia<br \/>\n<\/b>Devido \u00e0 pandemia de Covid-19, provocada pelo novo coronav\u00edrus, uma s\u00e9rie de cuidados dever\u00e3o ser tomados, em conson\u00e2ncia com o Protocolo de Biosseguran\u00e7a da UFJF. Ser\u00e1 obrigat\u00f3ria, por parte de todos os envolvidos no processo seletivo, a utiliza\u00e7\u00e3o de m\u00e1scara facial que cubra completamente a boca e o nariz, sendo que a UFJF n\u00e3o fornecer\u00e1 m\u00e1scaras aos candidatos.<\/p>\n<p>N\u00e3o ser\u00e1 permitida a presen\u00e7a de acompanhantes nas proximidades dos locais de prova, com o objetivo de evitar a aglomera\u00e7\u00e3o de pessoas. Al\u00e9m disso, ser\u00e1 feita higieniza\u00e7\u00e3o pr\u00e9via dos locais de aplica\u00e7\u00e3o das provas.<\/p>\n<p>O candidato que comparecer ao local das provas sem documento v\u00e1lido e\/ou sem a m\u00e1scara de prote\u00e7\u00e3o facial dever\u00e1 aguardar fora do local de aplica\u00e7\u00e3o at\u00e9 que algum familiar ou conhecido possa entreg\u00e1-lo, at\u00e9 o hor\u00e1rio de in\u00edcio do exame.<\/p>\n<p>Durante a identifica\u00e7\u00e3o, ser\u00e1 necess\u00e1ria a higieniza\u00e7\u00e3o das m\u00e3os com \u00e1lcool em gel pr\u00f3prio (recipiente transparente e sem r\u00f3tulo) ou fornecido pelo aplicador, antes de entrar na sala de provas.<\/p>\n<p><strong>Fonte:\u00a0<\/strong>Assessoria<\/p>\n","protected":false},"excerpt":{"rendered":"<p>O Hospital Universit\u00e1rio (HU\/Ebserh), da Universidade Federal de Juiz de Fora (UFJF), divulgou\u00a0 o Edital n\u00ba 01\/2020,\u00a0destinado \u00e0 sele\u00e7\u00e3o de candidatos para Programas de Resid\u00eancia Multiprofissionais e \u00c1reas Profissionais da Sa\u00fade. S\u00e3o oferecidas 48 vagas, distribu\u00eddas por quatro programas. As atividades t\u00eam in\u00edcio no dia 1\u00ba de mar\u00e7o de 2021; e as bolsas t\u00eam remunera\u00e7\u00e3o [&hellip;]<\/p>\n","protected":false},"author":96,"featured_media":172552,"comment_status":"closed","ping_status":"closed","sticky":false,"template":"","format":"standard","meta":{"footnotes":""},"categories":[253,436,439],"tags":[],"class_list":["post-172551","post","type-post","status-publish","format-standard","has-post-thumbnail","hentry","category-cidade","category-destaque-da-semana","category-ultima-hora"],"_links":{"self":[{"href":"https:\/\/diarioregionaldigital.com.br\/index.php?rest_route=\/wp\/v2\/posts\/172551","targetHints":{"allow":["GET"]}}],"collection":[{"href":"https:\/\/diarioregionaldigital.com.br\/index.php?rest_route=\/wp\/v2\/posts"}],"about":[{"href":"https:\/\/diarioregionaldigital.com.br\/index.php?rest_route=\/wp\/v2\/types\/post"}],"author":[{"embeddable":true,"href":"https:\/\/diarioregionaldigital.com.br\/index.php?rest_route=\/wp\/v2\/users\/96"}],"replies":[{"embeddable":true,"href":"https:\/\/diarioregionaldigital.com.br\/index.php?rest_route=%2Fwp%2Fv2%2Fcomments&post=172551"}],"version-history":[{"count":0,"href":"https:\/\/diarioregionaldigital.com.br\/index.php?rest_route=\/wp\/v2\/posts\/172551\/revisions"}],"wp:featuredmedia":[{"embeddable":true,"href":"https:\/\/diarioregionaldigital.com.br\/index.php?rest_route=\/wp\/v2\/media\/172552"}],"wp:attachment":[{"href":"https:\/\/diarioregionaldigital.com.br\/index.php?rest_route=%2Fwp%2Fv2%2Fmedia&parent=172551"}],"wp:term":[{"taxonomy":"category","embeddable":true,"href":"https:\/\/diarioregionaldigital.com.br\/index.php?rest_route=%2Fwp%2Fv2%2Fcategories&post=172551"},{"taxonomy":"post_tag","embeddable":true,"href":"https:\/\/diarioregionaldigital.com.br\/index.php?rest_route=%2Fwp%2Fv2%2Ftags&post=172551"}],"curies":[{"name":"wp","href":"https:\/\/api.w.org\/{rel}","templated":true}]}}