{"id":172549,"date":"2020-11-06T17:36:02","date_gmt":"2020-11-06T20:36:02","guid":{"rendered":"https:\/\/diarioregionaldigital.com.br\/?p=172549"},"modified":"2020-11-06T17:36:02","modified_gmt":"2020-11-06T20:36:02","slug":"fiscalizacao-autua-proprietario-de-imovel-no-sagrado-coracao-por-evento-irregular","status":"publish","type":"post","link":"https:\/\/diarioregionaldigital.com.br\/?p=172549","title":{"rendered":"Fiscaliza\u00e7\u00e3o autua propriet\u00e1rio de im\u00f3vel no Sagrado Cora\u00e7\u00e3o por evento irregular"},"content":{"rendered":"<p><span style=\"font-weight: 400;\">A Secretaria de Meio Ambiente e Ordenamento Urbano (Semaur) notificou e autuou o propriet\u00e1rio de um im\u00f3vel localizado na Rua Marciano Pinto 1.628, no Bairro Sagrado Cora\u00e7\u00e3o de Jesus, pela realiza\u00e7\u00e3o de um evento no \u00faltimo s\u00e1bado (31), sem licenciamento e durante o per\u00edodo de pandemia de Covid-19. A infra\u00e7\u00e3o cometida \u00e9 considerada grav\u00edssima, o que gerou multa de R$4.849,17.<\/span><\/p>\n<p><span style=\"font-weight: 400;\">O propriet\u00e1rio tamb\u00e9m foi notificado a respeito da proibi\u00e7\u00e3o de realizar eventos, conforme previsto no decreto municipal 13.975\/2020. Se a determina\u00e7\u00e3o da fiscaliza\u00e7\u00e3o for descumprida, o local ser\u00e1 interditado. Caso a interdi\u00e7\u00e3o n\u00e3o seja obedecida, o propriet\u00e1rio responder\u00e1 por crime de desobedi\u00eancia de acordo com C\u00f3digo Penal, al\u00e9m de ser autuado em R$ 48.491,70, como prev\u00ea o decreto 9.117 de 2017.<\/span><\/p>\n<p><span style=\"font-weight: 400;\">\u201cTodas as medidas administrativas cab\u00edveis j\u00e1 foram tomadas, e o local continuar\u00e1 a ser monitorado para que n\u00e3o sejam realizados novos eventos\u201d, ressalta a gerente do Departamento de Fiscaliza\u00e7\u00e3o de Atividades Ambientais e Urbanas, Graciela Marques. A Semaur adverte os propriet\u00e1rios de im\u00f3veis que alugam por temporada sobre o risco de multa caso sejam realizados eventos em desacordo com a legisla\u00e7\u00e3o vigente, incluindo os protocolos de seguran\u00e7a relacionados \u00e0 Covid-19, mesmo que n\u00e3o sejam os realizadores.<\/span><\/p>\n<p><b>Opera\u00e7\u00e3o ocupa espa\u00e7o na Get\u00falio Vargas<\/b><\/p>\n<p><span style=\"font-weight: 400;\">Durante toda esta sexta-feira, 6, o trecho de cal\u00e7ada compreendido no entorno do supermercado Bahamas da Avenida Get\u00falio Vargas foi ocupado de forma preventiva por fiscais de posturas, agentes de transporte e tr\u00e2nsito, Pol\u00edcia Militar e Guarda Municipal. O monitoramento acontece das 6 \u00e0s 19 horas. A a\u00e7\u00e3o atende a determina\u00e7\u00e3o do Minist\u00e9rio P\u00fablico de Minas Gerais, ap\u00f3s den\u00fancia feita por uma cidad\u00e3 sobre o com\u00e9rcio ambulante irregular que se instalou no local. A a\u00e7\u00e3o buscou impedir, de forma antecipada, a instala\u00e7\u00e3o de barracas no espa\u00e7o pelos ambulantes. O uso dos passeios com disposi\u00e7\u00e3o de mercadorias \u00e9 proibido pelo c\u00f3digo de posturas municipal.<\/span><\/p>\n<p><strong>Fonte:\u00a0<\/strong>Assessoria<\/p>\n","protected":false},"excerpt":{"rendered":"<p>A Secretaria de Meio Ambiente e Ordenamento Urbano (Semaur) notificou e autuou o propriet\u00e1rio de um im\u00f3vel localizado na Rua Marciano Pinto 1.628, no Bairro Sagrado Cora\u00e7\u00e3o de Jesus, pela realiza\u00e7\u00e3o de um evento no \u00faltimo s\u00e1bado (31), sem licenciamento e durante o per\u00edodo de pandemia de Covid-19. A infra\u00e7\u00e3o cometida \u00e9 considerada grav\u00edssima, o [&hellip;]<\/p>\n","protected":false},"author":96,"featured_media":98091,"comment_status":"closed","ping_status":"closed","sticky":false,"template":"","format":"standard","meta":{"footnotes":""},"categories":[253,436,439],"tags":[],"class_list":["post-172549","post","type-post","status-publish","format-standard","has-post-thumbnail","hentry","category-cidade","category-destaque-da-semana","category-ultima-hora"],"_links":{"self":[{"href":"https:\/\/diarioregionaldigital.com.br\/index.php?rest_route=\/wp\/v2\/posts\/172549","targetHints":{"allow":["GET"]}}],"collection":[{"href":"https:\/\/diarioregionaldigital.com.br\/index.php?rest_route=\/wp\/v2\/posts"}],"about":[{"href":"https:\/\/diarioregionaldigital.com.br\/index.php?rest_route=\/wp\/v2\/types\/post"}],"author":[{"embeddable":true,"href":"https:\/\/diarioregionaldigital.com.br\/index.php?rest_route=\/wp\/v2\/users\/96"}],"replies":[{"embeddable":true,"href":"https:\/\/diarioregionaldigital.com.br\/index.php?rest_route=%2Fwp%2Fv2%2Fcomments&post=172549"}],"version-history":[{"count":0,"href":"https:\/\/diarioregionaldigital.com.br\/index.php?rest_route=\/wp\/v2\/posts\/172549\/revisions"}],"wp:featuredmedia":[{"embeddable":true,"href":"https:\/\/diarioregionaldigital.com.br\/index.php?rest_route=\/wp\/v2\/media\/98091"}],"wp:attachment":[{"href":"https:\/\/diarioregionaldigital.com.br\/index.php?rest_route=%2Fwp%2Fv2%2Fmedia&parent=172549"}],"wp:term":[{"taxonomy":"category","embeddable":true,"href":"https:\/\/diarioregionaldigital.com.br\/index.php?rest_route=%2Fwp%2Fv2%2Fcategories&post=172549"},{"taxonomy":"post_tag","embeddable":true,"href":"https:\/\/diarioregionaldigital.com.br\/index.php?rest_route=%2Fwp%2Fv2%2Ftags&post=172549"}],"curies":[{"name":"wp","href":"https:\/\/api.w.org\/{rel}","templated":true}]}}