{"id":172546,"date":"2020-11-06T17:24:26","date_gmt":"2020-11-06T20:24:26","guid":{"rendered":"https:\/\/diarioregionaldigital.com.br\/?p=172546"},"modified":"2020-11-06T17:24:26","modified_gmt":"2020-11-06T20:24:26","slug":"pf-prende-foragido-procurado-pela-interpol-em-minas-gerais","status":"publish","type":"post","link":"https:\/\/diarioregionaldigital.com.br\/?p=172546","title":{"rendered":"PF prende foragido procurado pela Interpol em Minas Gerais"},"content":{"rendered":"<p>Nesta sexta-feira, 6\/11, policiais federais, com o apoio da Pol\u00edcia Militar da regi\u00e3o, prenderam, no Munic\u00edpio de Rio Pomba\/MG, um espanhol procurado internacional. A pris\u00e3o se deu em cumprimento ao mandado expedido pelo Supremo Tribunal Federal para fins de extradi\u00e7\u00e3o, em raz\u00e3o de Difus\u00e3o Vermelha.<\/p>\n<p>Ap\u00f3s investiga\u00e7\u00f5es, a Pol\u00edcia Federal localizou o espanhol, de 56 anos, natural de Valencia, que integrava a lista de procurados internacionais.<\/p>\n<p>O foragido foi condenado, em seu pa\u00eds natal, a uma pena de 3 anos de pris\u00e3o pelo delito de tr\u00e1fico de drogas. Na Espanha ele possu\u00eda um laborat\u00f3rio clandestino de refino de coca\u00edna.<\/p>\n<p>Ele fugiu para o Brasil em agosto de 2015 e escolheu a Cidade de Rio Pomba\/MG como seu esconderijo, onde passou a residir com uma brasileira.<\/p>\n<p>Ap\u00f3s exames de corpo de delito, o preso ser\u00e1 conduzido para o sistema penal da regi\u00e3o, onde aguardar\u00e1 pela extradi\u00e7\u00e3o para cumprimento da pena na Espanha.<\/p>\n<p><strong>Fonte:\u00a0<\/strong>Assessoria<\/p>\n","protected":false},"excerpt":{"rendered":"<p>Nesta sexta-feira, 6\/11, policiais federais, com o apoio da Pol\u00edcia Militar da regi\u00e3o, prenderam, no Munic\u00edpio de Rio Pomba\/MG, um espanhol procurado internacional. A pris\u00e3o se deu em cumprimento ao mandado expedido pelo Supremo Tribunal Federal para fins de extradi\u00e7\u00e3o, em raz\u00e3o de Difus\u00e3o Vermelha. Ap\u00f3s investiga\u00e7\u00f5es, a Pol\u00edcia Federal localizou o espanhol, de 56 [&hellip;]<\/p>\n","protected":false},"author":96,"featured_media":172547,"comment_status":"closed","ping_status":"closed","sticky":false,"template":"","format":"standard","meta":{"footnotes":""},"categories":[301,436,439],"tags":[],"class_list":["post-172546","post","type-post","status-publish","format-standard","has-post-thumbnail","hentry","category-artigos-policiais","category-destaque-da-semana","category-ultima-hora"],"_links":{"self":[{"href":"https:\/\/diarioregionaldigital.com.br\/index.php?rest_route=\/wp\/v2\/posts\/172546","targetHints":{"allow":["GET"]}}],"collection":[{"href":"https:\/\/diarioregionaldigital.com.br\/index.php?rest_route=\/wp\/v2\/posts"}],"about":[{"href":"https:\/\/diarioregionaldigital.com.br\/index.php?rest_route=\/wp\/v2\/types\/post"}],"author":[{"embeddable":true,"href":"https:\/\/diarioregionaldigital.com.br\/index.php?rest_route=\/wp\/v2\/users\/96"}],"replies":[{"embeddable":true,"href":"https:\/\/diarioregionaldigital.com.br\/index.php?rest_route=%2Fwp%2Fv2%2Fcomments&post=172546"}],"version-history":[{"count":0,"href":"https:\/\/diarioregionaldigital.com.br\/index.php?rest_route=\/wp\/v2\/posts\/172546\/revisions"}],"wp:featuredmedia":[{"embeddable":true,"href":"https:\/\/diarioregionaldigital.com.br\/index.php?rest_route=\/wp\/v2\/media\/172547"}],"wp:attachment":[{"href":"https:\/\/diarioregionaldigital.com.br\/index.php?rest_route=%2Fwp%2Fv2%2Fmedia&parent=172546"}],"wp:term":[{"taxonomy":"category","embeddable":true,"href":"https:\/\/diarioregionaldigital.com.br\/index.php?rest_route=%2Fwp%2Fv2%2Fcategories&post=172546"},{"taxonomy":"post_tag","embeddable":true,"href":"https:\/\/diarioregionaldigital.com.br\/index.php?rest_route=%2Fwp%2Fv2%2Ftags&post=172546"}],"curies":[{"name":"wp","href":"https:\/\/api.w.org\/{rel}","templated":true}]}}