{"id":172543,"date":"2020-11-06T17:17:03","date_gmt":"2020-11-06T20:17:03","guid":{"rendered":"https:\/\/diarioregionaldigital.com.br\/?p=172543"},"modified":"2020-11-06T17:17:03","modified_gmt":"2020-11-06T20:17:03","slug":"governador-empossa-novos-membros-do-conselho-de-criminologia-da-sejusp","status":"publish","type":"post","link":"https:\/\/diarioregionaldigital.com.br\/?p=172543","title":{"rendered":"Governador empossa novos membros do Conselho de Criminologia da Sejusp"},"content":{"rendered":"<p><main class=\"clear margin-md-bottom-3\"><\/p>\n<div class=\"clear \">\n<p>Com o objetivo de aprimorar as a\u00e7\u00f5es do sistema prisional, o governador Romeu Zema empossou, nesta sexta-feira (6\/11), os novos membros do Conselho de Criminologia e Pol\u00edtica Criminal (CCPC\/MG), da\u00a0<a href=\"http:\/\/www.seguranca.mg.gov.br\/\" target=\"_blank\" rel=\"noopener noreferrer\">Secretaria de Estado de Justi\u00e7a e Seguran\u00e7a P\u00fablica (Sejusp)<\/a>. Na cerim\u00f4nia, realizada na Cidade Administrativa, o governador ressaltou as inova\u00e7\u00f5es promovidas no sistema prisional e os bons \u00edndices alcan\u00e7ados recentemente.<\/p>\n<p>O CCPC \u00e9 um \u00f3rg\u00e3o consultivo do\u00a0<a href=\"http:\/\/www.mg.gov.br\/\" target=\"_blank\" rel=\"noopener noreferrer\">Governo de Minas<\/a>, institu\u00eddo pelo Decreto 4.451\/2007, sendo formado por especialistas em pol\u00edticas criminais, com atua\u00e7\u00e3o em quatro frentes principais:\u00a0estudo de pol\u00edticas p\u00fablicas, proposi\u00e7\u00e3o de leis e programas, consultas e pesquisas aplicadas e fiscaliza\u00e7\u00e3o do sistema prisional.<\/p>\n<p>\u201cMinas Gerais \u00e9 o Estado que mais tem se dedicado \u00e0 inova\u00e7\u00e3o do sistema prisional, o \u00fanico do pa\u00eds a ter um pres\u00eddio na modalidade de PPP, o estado refer\u00eancia na pol\u00edtica das APAC\u2019S. O Conselho \u00e9 mais um exemplo de como trabalhamos para reduzir a criminalidade a partir da preven\u00e7\u00e3o, com muito trabalho e esfor\u00e7o. Nesse sentido, o sistema \u00e9 um exemplo tamb\u00e9m durante a pandemia, quando soltamos, por medidas sanit\u00e1rias e de cuidados, ap\u00f3s determina\u00e7\u00e3o judicial,\u00a0milhares de presos de pequeno potencial, e n\u00e3o tivemos aumento de criminalidade\u201d, disse o governador.<\/p>\n<p>O secret\u00e1rio de Justi\u00e7a e Seguran\u00e7a P\u00fablica, general Mario\u00a0Araujo, ressaltou a import\u00e2ncia do Conselho, inclusive no grave momento de enfrentamento \u00e0 pandemia, exigindo uma s\u00e9rie de medidas por parte da Sejusp, apoiada nos estudos e debates realizados pelo CCPC.<\/p>\n<p>\u201cO papel do conselho \u00e9 din\u00e2mico, atua na sugest\u00e3o, interven\u00e7\u00e3o junto ao poder p\u00fablico, mudan\u00e7a de rumos da pol\u00edtica do Estado. No enfrentamento dessa pandemia, numa popula\u00e7\u00e3o de 60 mil presos, tivemos 7 \u00f3bitos, o \u00faltimo deles em julho. Tudo isso \u00e9 fruto de trabalho\u201d, disse o general.<\/p>\n<p>Foram empossados para o mandato de quatro anos \u00e0 frente do CCPC o desembargador Marcos Henrique Caldeira Brant, presidente do conselho, e a desembargadora M\u00e1rcia Maria Milanez, vice-presidente. Os outros membros s\u00e3o Carlos Augusto Can\u00eado Gon\u00e7alves da Silva, procurador de Justi\u00e7a do Minist\u00e9rio P\u00fablico de Minas Gerais (MPMG), J\u00e9sus Trindade Barreto J\u00fanior, delegado da\u00a0<a href=\"http:\/\/www.policiacivil.mg.gov.br\/\" target=\"_blank\" rel=\"noopener noreferrer\">Pol\u00edcia Civil<\/a>, Paulo Moreira Ventura, defensor p\u00fablico, o coronel da\u00a0<a href=\"http:\/\/www.policiamilitar.mg.gov.br\/\" target=\"_blank\" rel=\"noopener noreferrer\">Pol\u00edcia Militar<\/a>\u00a0Jos\u00e9 Luis Reis J\u00fanior, al\u00e9m dos ju\u00edzes Luziene Medeiros do Nascimento Barbosa, Michel de Freitas, M\u00edriam Vaz Chagas, Andr\u00e9 Maria Nessarella Bahury, B\u00e1rbara Isadora Santos Sebe Nardy, Anderson Alc\u00e2ntara Silva Melo e Em\u00edlia Eunilce Alcaraz Castilho.<\/p>\n<p><strong>Fonte:\u00a0<\/strong>Ag\u00eancia Minas<\/p>\n<\/div>\n<p><\/main><\/p>\n","protected":false},"excerpt":{"rendered":"<p>Com o objetivo de aprimorar as a\u00e7\u00f5es do sistema prisional, o governador Romeu Zema empossou, nesta sexta-feira (6\/11), os novos membros do Conselho de Criminologia e Pol\u00edtica Criminal (CCPC\/MG), da\u00a0Secretaria de Estado de Justi\u00e7a e Seguran\u00e7a P\u00fablica (Sejusp). Na cerim\u00f4nia, realizada na Cidade Administrativa, o governador ressaltou as inova\u00e7\u00f5es promovidas no sistema prisional e os [&hellip;]<\/p>\n","protected":false},"author":96,"featured_media":172544,"comment_status":"closed","ping_status":"closed","sticky":false,"template":"","format":"standard","meta":{"footnotes":""},"categories":[436,262,254,439],"tags":[],"class_list":["post-172543","post","type-post","status-publish","format-standard","has-post-thumbnail","hentry","category-destaque-da-semana","category-noticias","category-politica","category-ultima-hora"],"_links":{"self":[{"href":"https:\/\/diarioregionaldigital.com.br\/index.php?rest_route=\/wp\/v2\/posts\/172543","targetHints":{"allow":["GET"]}}],"collection":[{"href":"https:\/\/diarioregionaldigital.com.br\/index.php?rest_route=\/wp\/v2\/posts"}],"about":[{"href":"https:\/\/diarioregionaldigital.com.br\/index.php?rest_route=\/wp\/v2\/types\/post"}],"author":[{"embeddable":true,"href":"https:\/\/diarioregionaldigital.com.br\/index.php?rest_route=\/wp\/v2\/users\/96"}],"replies":[{"embeddable":true,"href":"https:\/\/diarioregionaldigital.com.br\/index.php?rest_route=%2Fwp%2Fv2%2Fcomments&post=172543"}],"version-history":[{"count":0,"href":"https:\/\/diarioregionaldigital.com.br\/index.php?rest_route=\/wp\/v2\/posts\/172543\/revisions"}],"wp:featuredmedia":[{"embeddable":true,"href":"https:\/\/diarioregionaldigital.com.br\/index.php?rest_route=\/wp\/v2\/media\/172544"}],"wp:attachment":[{"href":"https:\/\/diarioregionaldigital.com.br\/index.php?rest_route=%2Fwp%2Fv2%2Fmedia&parent=172543"}],"wp:term":[{"taxonomy":"category","embeddable":true,"href":"https:\/\/diarioregionaldigital.com.br\/index.php?rest_route=%2Fwp%2Fv2%2Fcategories&post=172543"},{"taxonomy":"post_tag","embeddable":true,"href":"https:\/\/diarioregionaldigital.com.br\/index.php?rest_route=%2Fwp%2Fv2%2Ftags&post=172543"}],"curies":[{"name":"wp","href":"https:\/\/api.w.org\/{rel}","templated":true}]}}