{"id":172541,"date":"2020-11-06T17:14:40","date_gmt":"2020-11-06T20:14:40","guid":{"rendered":"https:\/\/diarioregionaldigital.com.br\/?p=172541"},"modified":"2020-11-06T17:14:40","modified_gmt":"2020-11-06T20:14:40","slug":"inscricoes-no-edital-da-lei-aldir-blanc-terminam-na-segunda-feira","status":"publish","type":"post","link":"https:\/\/diarioregionaldigital.com.br\/?p=172541","title":{"rendered":"Inscri\u00e7\u00f5es no edital da Lei \u201cAldir Blanc\u201d terminam na segunda-feira"},"content":{"rendered":"<p>O prazo de inscri\u00e7\u00f5es no Edital de Premia\u00e7\u00e3o Cultural da Lei \u201cAldir Blanc\u201d, lan\u00e7ado pela Funda\u00e7\u00e3o Cultural \u201cAlfredo Ferreira Lage\u201d (Funalfa), ser\u00e1 encerrado na pr\u00f3xima segunda-feira, 9. As trabalhadoras e os trabalhadores da cultura de Juiz de Fora podem pleitear cerca de 400 pr\u00eamios, nos valores de R$ 3 mil, R$ 9 mil e R$ 15 mil, conforme a categoria em que se enquadrarem.<\/p>\n<p>O edital e o formul\u00e1rio de inscri\u00e7\u00e3o podem ser acessados no site\u00a0<a href=\"http:\/\/funalfa.com.br\/leialdirblanc\">funalfa.com.br\/leialdirblanc<\/a>. Buscando democratizar o processo, a Funalfa adotou tamb\u00e9m a inscri\u00e7\u00e3o oral para atender pessoas com dificuldade de acesso \u00e0 internet ou que precisem de apoio para compreender pontos do edital. O proponente que optar por essa modalidade de inscri\u00e7\u00e3o deve fazer a solicita\u00e7\u00e3o pelo telefone 3690-7036, de segunda a sexta-feira, das 12 \u00e0s 18 horas.<\/p>\n<p>A equipe do Departamento de Acesso \u00e0 Cultura recebe os pedidos e verifica a melhor forma de atendimento. \u201cA inscri\u00e7\u00e3o oral pode ser feita presencialmente, por videoconfer\u00eancia ou com envio de um v\u00eddeo gravado em celular. A ideia \u00e9 ampliar o alcance da a\u00e7\u00e3o, chegando a pessoas, coletivos e espa\u00e7os que historicamente t\u00eam mais dificuldade de acessar as pol\u00edticas p\u00fablicas de cultura\u201d, argumenta a diretora-geral da Funalfa, Tamires Fortuna.<\/p>\n<p>A funda\u00e7\u00e3o tamb\u00e9m mant\u00e9m canais de atendimento para tirar d\u00favidas ou explicar o processo. O servi\u00e7o pode ser acionado por meio de mensagem para o WhatsApp 99912-0157, pelo e-mail\u00a0<b>leialdirjf@gmail.com<\/b>\u00a0ou pelo telefone 3690-7036 (12 \u00e0s 18 horas).<\/p>\n<p>Maior investimento no mercado local de cultura, o edital da Lei \u201cAldir Blanc\u201d tem recursos do Fundo Nacional de Cultura. Os crit\u00e9rios foram amplamente discutidos com os agentes de cultura da cidade, por meio de 24 reuni\u00f5es virtuais e uma live. Em todo o pa\u00eds, o investimento \u00e9 de R$ 3 bilh\u00f5es para apoiar, em car\u00e1ter emergencial, as trabalhadoras e os trabalhadores da cultura, duramente impactados pela pandemia de Covid-19.<\/p>\n<p><strong>Fonte:\u00a0<\/strong>Assessoria<\/p>\n","protected":false},"excerpt":{"rendered":"<p>O prazo de inscri\u00e7\u00f5es no Edital de Premia\u00e7\u00e3o Cultural da Lei \u201cAldir Blanc\u201d, lan\u00e7ado pela Funda\u00e7\u00e3o Cultural \u201cAlfredo Ferreira Lage\u201d (Funalfa), ser\u00e1 encerrado na pr\u00f3xima segunda-feira, 9. As trabalhadoras e os trabalhadores da cultura de Juiz de Fora podem pleitear cerca de 400 pr\u00eamios, nos valores de R$ 3 mil, R$ 9 mil e R$ [&hellip;]<\/p>\n","protected":false},"author":96,"featured_media":172186,"comment_status":"closed","ping_status":"closed","sticky":false,"template":"","format":"standard","meta":{"footnotes":""},"categories":[256,436,262,439],"tags":[],"class_list":["post-172541","post","type-post","status-publish","format-standard","has-post-thumbnail","hentry","category-cultura","category-destaque-da-semana","category-noticias","category-ultima-hora"],"_links":{"self":[{"href":"https:\/\/diarioregionaldigital.com.br\/index.php?rest_route=\/wp\/v2\/posts\/172541","targetHints":{"allow":["GET"]}}],"collection":[{"href":"https:\/\/diarioregionaldigital.com.br\/index.php?rest_route=\/wp\/v2\/posts"}],"about":[{"href":"https:\/\/diarioregionaldigital.com.br\/index.php?rest_route=\/wp\/v2\/types\/post"}],"author":[{"embeddable":true,"href":"https:\/\/diarioregionaldigital.com.br\/index.php?rest_route=\/wp\/v2\/users\/96"}],"replies":[{"embeddable":true,"href":"https:\/\/diarioregionaldigital.com.br\/index.php?rest_route=%2Fwp%2Fv2%2Fcomments&post=172541"}],"version-history":[{"count":0,"href":"https:\/\/diarioregionaldigital.com.br\/index.php?rest_route=\/wp\/v2\/posts\/172541\/revisions"}],"wp:featuredmedia":[{"embeddable":true,"href":"https:\/\/diarioregionaldigital.com.br\/index.php?rest_route=\/wp\/v2\/media\/172186"}],"wp:attachment":[{"href":"https:\/\/diarioregionaldigital.com.br\/index.php?rest_route=%2Fwp%2Fv2%2Fmedia&parent=172541"}],"wp:term":[{"taxonomy":"category","embeddable":true,"href":"https:\/\/diarioregionaldigital.com.br\/index.php?rest_route=%2Fwp%2Fv2%2Fcategories&post=172541"},{"taxonomy":"post_tag","embeddable":true,"href":"https:\/\/diarioregionaldigital.com.br\/index.php?rest_route=%2Fwp%2Fv2%2Ftags&post=172541"}],"curies":[{"name":"wp","href":"https:\/\/api.w.org\/{rel}","templated":true}]}}